{"id":86384,"date":"2024-06-11T17:05:27","date_gmt":"2024-06-11T17:05:27","guid":{"rendered":"https:\/\/www.aib.media\/?p=86384"},"modified":"2024-06-11T17:05:27","modified_gmt":"2024-06-11T17:05:27","slug":"burkina-la-jeunesse-invitee-a-se-mobiliser-pour-assurer-la-souverainete-du-pays","status":"publish","type":"post","link":"https:\/\/www.aib.media\/?p=86384","title":{"rendered":"Burkina\u00a0: La jeunesse invit\u00e9e \u00e0 se mobiliser pour assurer la souverainet\u00e9 du pays"},"content":{"rendered":"<p>BURKINA-JEUNESSE-CITOYENNETE-VEILLE-CONFERENCE<\/p>\n<p><strong>Burkina\u00a0: La jeunesse invit\u00e9e \u00e0 se mobiliser <\/strong><strong>pour assurer la souverainet\u00e9 du pays<\/strong><\/p>\n<p><strong>Ouagadougou, 11 juin 2024 (AIB)- <\/strong><strong>La Conseiller technique du gouverneur de la r\u00e9gion du Centre, Manila Zoubga\/Bayili, a invit\u00e9 mardi, la jeunesse \u00e0 s\u2019assumer et \u00e0 se mobiliser autour des autorit\u00e9s de la Transition, pour assurer la conqu\u00eate de la souverainet\u00e9 \u00a0du pays.<\/strong><\/p>\n<p>\u00abLa jeunesse doit s\u2019assumer et se mobiliser autour des autorit\u00e9s pour assurer la souverainet\u00e9 de notre Etat. Nous sommes \u00e0 un tournant d\u00e9cisif et la jeunesse doit assurer pleinement sa responsabilit\u00e9 devant l\u2019histoire\u00bb, a indiqu\u00e9 la Conseiller technique du gouverneur de la r\u00e9gion du Centre, Manila Zoubga\/Bayili.<\/p>\n<p>Selon elle, la jeunesse, dans la dynamique de soutenir le r\u00e9gime dans sa noble mission de reconqu\u00eate du territoire d\u2019une part, et de prot\u00e9ger les autorit\u00e9s contre toute forme d\u2019ing\u00e9rence \u00e9trang\u00e8re ou d\u2019actions nocives des valets locaux, s\u2019est organis\u00e9e autour des grands rond points dans les diff\u00e9rentes villes du pays pour assurer la veille citoyenne.<\/p>\n<p>Mme Zoubga s\u2019exprimait mardi \u00e0 Ouagadougou, lors de la conf\u00e9rence r\u00e9gionale sur la veille citoyenne et les valeurs de la Transition.<\/p>\n<p>\u00abAu regard de ces actions citoyennes salutaires, un renforcement des capacit\u00e9s des leaders est susceptible d\u2019influencer positivement leur actions en faveur de la bonne marche de la Transition et leur contribution au d\u00e9veloppement socio-\u00e9conomique de notre pays \u00e0 travers leurs activit\u00e9s \u00e9conomiques\u00a0\u00bb, a-t-elle dit.<\/p>\n<p>Pour sa part, le Directeur g\u00e9n\u00e9ral de la Jeunesse et de l\u2019\u00e9ducation permanente (DGJEP), Larba Pilga, a soutenu que cette formation vise \u00e0 accompagner les organisations de la soci\u00e9t\u00e9 civile qui m\u00e8nent des actions innovantes de d\u00e9veloppement sur le terrain.<\/p>\n<p>Le Vice-pr\u00e9sident de la coordination r\u00e9gionale des associations de veille citoyenne de la r\u00e9gion du Centre, Zakaria Tayan, s\u2019est r\u00e9joui d\u2019une initiative qui va permettre d\u2019amplifier la veille citoyenne autour du capitaine Ibrahim Traor\u00e9 et de la Transition pour la reconqu\u00eate de notre territoire national.<\/p>\n<p>Au cours de cet atelier, les participants seront outill\u00e9s sur la veille citoyenne et les valeurs de la Transition Burkinab\u00e8.<\/p>\n<p><strong>Agence d\u2019information du Burkina<\/strong><\/p>\n<p><strong>HB\/yos\/yo<\/strong><\/p>\n<p>&nbsp;<\/p>\n<p>&nbsp;<\/p>\n<p>&nbsp;<\/p>\n<p>&nbsp;<\/p>\n","protected":false},"excerpt":{"rendered":"<p>BURKINA-JEUNESSE-CITOYENNETE-VEILLE-CONFERENCE Burkina\u00a0: La jeunesse invit\u00e9e \u00e0 se mobiliser pour assurer la souverainet\u00e9 du pays Ouagadougou, 11 juin 2024 (AIB)- La Conseiller technique du gouverneur de la r\u00e9gion du Centre, Manila Zoubga\/Bayili, a invit\u00e9 mardi, la jeunesse \u00e0 s\u2019assumer et \u00e0 se mobiliser autour des autorit\u00e9s de la Transition, pour assurer la conqu\u00eate de la souverainet\u00e9 [&hellip;]<\/p>\n","protected":false},"author":13,"featured_media":86387,"comment_status":"open","ping_status":"open","sticky":false,"template":"","format":"standard","meta":{"advanced_seo_description":"","jetpack_seo_html_title":"","jetpack_seo_noindex":false,"jetpack_post_was_ever_published":false,"footnotes":""},"categories":[42,173,789,93,102,203,40,36],"tags":[],"class_list":{"0":"post-86384","1":"post","2":"type-post","3":"status-publish","4":"format-standard","5":"has-post-thumbnail","7":"category-centre","8":"category-depeches","9":"category-developpement","10":"category-flashinfos","11":"category-kadiogo","12":"category-la-une-aib","13":"category-regions","14":"category-societe"},"jetpack_featured_media_url":"https:\/\/i0.wp.com\/www.aib.media\/wp-content\/uploads\/2024\/06\/WhatsApp-Image-2024-06-11-at-16.50.29.jpeg?fit=1040%2C492&ssl=1","jetpack_shortlink":"https:\/\/wp.me\/pavbHe-mti","_links":{"self":[{"href":"https:\/\/www.aib.media\/index.php?rest_route=\/wp\/v2\/posts\/86384","targetHints":{"allow":["GET"]}}],"collection":[{"href":"https:\/\/www.aib.media\/index.php?rest_route=\/wp\/v2\/posts"}],"about":[{"href":"https:\/\/www.aib.media\/index.php?rest_route=\/wp\/v2\/types\/post"}],"author":[{"embeddable":true,"href":"https:\/\/www.aib.media\/index.php?rest_route=\/wp\/v2\/users\/13"}],"replies":[{"embeddable":true,"href":"https:\/\/www.aib.media\/index.php?rest_route=%2Fwp%2Fv2%2Fcomments&post=86384"}],"version-history":[{"count":0,"href":"https:\/\/www.aib.media\/index.php?rest_route=\/wp\/v2\/posts\/86384\/revisions"}],"wp:featuredmedia":[{"embeddable":true,"href":"https:\/\/www.aib.media\/index.php?rest_route=\/wp\/v2\/media\/86387"}],"wp:attachment":[{"href":"https:\/\/www.aib.media\/index.php?rest_route=%2Fwp%2Fv2%2Fmedia&parent=86384"}],"wp:term":[{"taxonomy":"category","embeddable":true,"href":"https:\/\/www.aib.media\/index.php?rest_route=%2Fwp%2Fv2%2Fcategories&post=86384"},{"taxonomy":"post_tag","embeddable":true,"href":"https:\/\/www.aib.media\/index.php?rest_route=%2Fwp%2Fv2%2Ftags&post=86384"}],"curies":[{"name":"wp","href":"https:\/\/api.w.org\/{rel}","templated":true}]}}