{"id":78994,"date":"2024-03-14T14:00:09","date_gmt":"2024-03-14T14:00:09","guid":{"rendered":"https:\/\/www.aib.media\/?p=78994"},"modified":"2024-03-14T14:00:09","modified_gmt":"2024-03-14T14:00:09","slug":"burkina-des-acteurs-reflechissent-sur-les-perspectives-alimentaires-et-nutritionnelles","status":"publish","type":"post","link":"https:\/\/www.aib.media\/?p=78994","title":{"rendered":"\u00a0Burkina\u00a0: Des acteurs r\u00e9fl\u00e9chissent sur les perspectives alimentaires et nutritionnelles"},"content":{"rendered":"<p>BURKINA-AGRICULTURE-NUTRITION<\/p>\n<p><strong>\u00a0Burkina\u00a0: Des acteurs r\u00e9fl\u00e9chissent sur les perspectives alimentaires et nutritionnelles<\/strong><\/p>\n<p><strong>Ouagadougou, 14 Mars 2024 (AIB)- <\/strong><strong>Le ministre d\u00e9l\u00e9gu\u00e9 aupr\u00e8s du ministre en charge de l\u2019Agriculture, Dr Amadou Dicko, a pr\u00e9sid\u00e9 jeudi, les travaux de la 1<sup>\u00e8re<\/sup> session du Comit\u00e9 de pr\u00e9vision de la situation alimentaire et nutritionnelle (CPSA) de l\u2019ann\u00e9e 2024, afin<\/strong> <strong>d\u2019appr\u00e9cier l\u2019issue de la campagne agropastorale 2023-2024 et les perspectives alimentaire et nutritionnelle.<\/strong><\/p>\n<p>\u00ab\u00a0La deuxi\u00e8me session de l\u2019ann\u00e9e 2023 du Comit\u00e9 de pr\u00e9vision de la situation alimentaire et nutritionnelle (CPSA), au cours du mois de novembre, avait r\u00e9v\u00e9l\u00e9 16 provinces en situation de crise alimentaire r\u00e9parties dans les r\u00e9gions du Sahel, de l\u2019Est, du Centre-Nord, du Nord, de la Boucle du Mouhoun et du Centre-Est\u00a0\u00bb, a indiqu\u00e9 le ministre d\u00e9l\u00e9gu\u00e9 aupr\u00e8s du ministre en charge de l\u2019Agriculture, Dr Amadou Dicko.<\/p>\n<p>Selon lui, ces provinces \u00e9taient confront\u00e9es \u00e0 des taux de malnutrition aig\u00fce \u00e9lev\u00e9s et les m\u00e9nages faisaient recours \u00e0 des strat\u00e9gies d\u2019adaptation non appropri\u00e9es.<\/p>\n<p>Dr Dicko s\u2019exprimait jeudi \u00e0 Ouagadougou, lors de la premi\u00e8re session du Comit\u00e9 de Pr\u00e9vision de la situation alimentaire et nutritionnelle (CPSA) de l\u2019ann\u00e9e 2024.<\/p>\n<p>\u00ab\u00a0Cependant, avec la mise en \u0153uvre de l\u2019offensive agropastorale et halieutique 2023-2025, les premi\u00e8res r\u00e9coltes de productions de la campagne agricole de saison s\u00e8che sont disponibles, toute chose qui am\u00e9liore les revenus et la disponibilit\u00e9 des produits agricoles\u00a0\u00bb, a-t-il indiqu\u00e9.<\/p>\n<p>Pour le ministre d\u00e9l\u00e9gu\u00e9 en charge de l\u2019Agriculture, des disparit\u00e9s ont \u00e9t\u00e9 observ\u00e9es vers la fin de la campagne agricole de saison humide 2023.<\/p>\n<p>De ce fait, a expliqu\u00e9 Dr Amadou Dicko, la prise en compte des r\u00e9sultats d\u00e9finitifs de la campagne agricole de saison humide pourrait modifier la situation alimentaire de certaines localit\u00e9s du pays.<\/p>\n<p>\u00ab\u00a0Ces raisons \u00e9voqu\u00e9es et non exhaustives, justifient l\u2019importance de la tenue de cette session du CPSA\u00a0\u00bb, a-t-il ajout\u00e9.<\/p>\n<p>Le Directeur g\u00e9n\u00e9ral des Etudes et des statistiques sectorielles (DGESS) du minist\u00e8re en charge de l\u2019Agriculture, Gustave Som\u00e9, a pr\u00e9cis\u00e9 qu\u2019au cours du mois de novembre 2023, les r\u00e9sultats pr\u00e9visionnels de la campagne agricole \u00e9taient exc\u00e9dentaires dans l\u2019ensemble.<\/p>\n<p>\u00ab\u00a0Certes, il y a un exc\u00e9dent mais il y a des disparit\u00e9s r\u00e9gionales et il a \u00e9t\u00e9 relev\u00e9 qu\u2019il y a 16 provinces qui seront dans une situation un peu difficile\u00a0\u00bb, a-t-il dit.<\/p>\n<p>Som\u00e9 a ajout\u00e9 que des mesures ont \u00e9t\u00e9 prises par le gouvernement parmi lesquelles la mise \u00e0 disposition de vivres et d\u2019intrants aux personnes et aux m\u00e9nages vuln\u00e9rables, des p\u00e9rim\u00e8tres irrigu\u00e9s et des basfonds am\u00e9nag\u00e9s pour permettre aux gens de produire ainsi que l\u2019envoi de vivres par des convois dans les zones d\u00e9ficitaires.<\/p>\n<p>Le Comit\u00e9 de pr\u00e9vision de la situation alimentaire et nutritionnelle (CPSA) est charg\u00e9 d\u2019appr\u00e9cier l\u2019\u00e9volution de la situation alimentaire et nutritionnelle du pays et de valider de fa\u00e7on participative les diff\u00e9rents agr\u00e9gats de la situation alimentaire et nutritionnelle.<\/p>\n<p>Il comprend les structures centrales et d\u00e9concentr\u00e9es \u00e9tatiques, la soci\u00e9t\u00e9 civile, les ONG et associations, les organisations sous r\u00e9gionales et internationales et partenaires au d\u00e9veloppement.<\/p>\n<p>Le CPSA tient chaque ann\u00e9e deux sessions, en mars et en novembre.<\/p>\n<p><strong>Agence d\u2019information du Burkina<\/strong><\/p>\n<p><strong>HB\/no\/yo<\/strong><\/p>\n<p>&nbsp;<\/p>\n","protected":false},"excerpt":{"rendered":"<p>BURKINA-AGRICULTURE-NUTRITION \u00a0Burkina\u00a0: Des acteurs r\u00e9fl\u00e9chissent sur les perspectives alimentaires et nutritionnelles Ouagadougou, 14 Mars 2024 (AIB)- Le ministre d\u00e9l\u00e9gu\u00e9 aupr\u00e8s du ministre en charge de l\u2019Agriculture, Dr Amadou Dicko, a pr\u00e9sid\u00e9 jeudi, les travaux de la 1\u00e8re session du Comit\u00e9 de pr\u00e9vision de la situation alimentaire et nutritionnelle (CPSA) de l\u2019ann\u00e9e 2024, afin d\u2019appr\u00e9cier l\u2019issue [&hellip;]<\/p>\n","protected":false},"author":13,"featured_media":78995,"comment_status":"open","ping_status":"open","sticky":false,"template":"","format":"standard","meta":{"advanced_seo_description":"","jetpack_seo_html_title":"","jetpack_seo_noindex":false,"jetpack_post_was_ever_published":false,"footnotes":""},"categories":[42,173,789,93,102,203,40],"tags":[],"class_list":{"0":"post-78994","1":"post","2":"type-post","3":"status-publish","4":"format-standard","5":"has-post-thumbnail","7":"category-centre","8":"category-depeches","9":"category-developpement","10":"category-flashinfos","11":"category-kadiogo","12":"category-la-une-aib","13":"category-regions"},"jetpack_featured_media_url":"https:\/\/i0.wp.com\/www.aib.media\/wp-content\/uploads\/2024\/03\/WhatsApp-Image-2024-03-14-at-13.31.36.jpeg?fit=1040%2C492&ssl=1","jetpack_shortlink":"https:\/\/wp.me\/pavbHe-ky6","_links":{"self":[{"href":"https:\/\/www.aib.media\/index.php?rest_route=\/wp\/v2\/posts\/78994","targetHints":{"allow":["GET"]}}],"collection":[{"href":"https:\/\/www.aib.media\/index.php?rest_route=\/wp\/v2\/posts"}],"about":[{"href":"https:\/\/www.aib.media\/index.php?rest_route=\/wp\/v2\/types\/post"}],"author":[{"embeddable":true,"href":"https:\/\/www.aib.media\/index.php?rest_route=\/wp\/v2\/users\/13"}],"replies":[{"embeddable":true,"href":"https:\/\/www.aib.media\/index.php?rest_route=%2Fwp%2Fv2%2Fcomments&post=78994"}],"version-history":[{"count":0,"href":"https:\/\/www.aib.media\/index.php?rest_route=\/wp\/v2\/posts\/78994\/revisions"}],"wp:featuredmedia":[{"embeddable":true,"href":"https:\/\/www.aib.media\/index.php?rest_route=\/wp\/v2\/media\/78995"}],"wp:attachment":[{"href":"https:\/\/www.aib.media\/index.php?rest_route=%2Fwp%2Fv2%2Fmedia&parent=78994"}],"wp:term":[{"taxonomy":"category","embeddable":true,"href":"https:\/\/www.aib.media\/index.php?rest_route=%2Fwp%2Fv2%2Fcategories&post=78994"},{"taxonomy":"post_tag","embeddable":true,"href":"https:\/\/www.aib.media\/index.php?rest_route=%2Fwp%2Fv2%2Ftags&post=78994"}],"curies":[{"name":"wp","href":"https:\/\/api.w.org\/{rel}","templated":true}]}}