{"id":66593,"date":"2023-09-05T19:27:10","date_gmt":"2023-09-05T19:27:10","guid":{"rendered":"https:\/\/www.aib.media\/?p=66593"},"modified":"2023-09-05T19:27:10","modified_gmt":"2023-09-05T19:27:10","slug":"les-banwa-pleurent-el-hadj-yaya-sery-le-genereux-autodidacte-et-homme-de-medias-portrait","status":"publish","type":"post","link":"https:\/\/www.aib.media\/?p=66593","title":{"rendered":"Les Banwa\u00a0pleurent El Hadj Yaya Sery, le g\u00e9n\u00e9reux autodidacte et homme de m\u00e9dias (portrait)"},"content":{"rendered":"<p><strong>Les Banwa\u00a0pleurent El Hadj Yaya Sery, le g\u00e9n\u00e9reux autodidacte et homme de m\u00e9dias (portrait)<\/strong><\/p>\n<p><strong>Solenzo, 5 sept. 2023(AIB)- La m\u00e9canique, la menuiserie, la ma\u00e7onnerie,\u00a0 l\u2019\u00e9lectronique, l\u2019animation, la photographie, la t\u00e9l\u00e9phonie, la communication\u2026 El Hadj Yaya Sery (80 ans) \u00e9tait l\u2019exemple vivant du v\u00e9ritable autodidacte. Le fondateur de la radio Lotamu que les\u00a0 Banwa et la Boucle du Mouhoun pleurent, a \u00e9t\u00e9 d\u2019une grande utilit\u00e9 pour sa communaut\u00e9. <\/strong><\/p>\n<p>Les populations des Banwa pleurent depuis le 22 ao\u00fbt 2023, la disparition du PDG de la radio Lotamu, El Hadj Yaya Sery, le g\u00e9n\u00e9reux homme aux multiples m\u00e9tiers<\/p>\n<p>N\u00e9 en 1943 \u00e0 Borogo dans d\u00e9partement de Kassoum, province du Sourou, Yaya est le fils a\u00een\u00e9 d\u2019une respectable famille de forgerons.<\/p>\n<p>Son p\u00e8re\u00a0 El Hadj Sidiki Sery l\u2019initia tr\u00e8s t\u00f4t \u00e0 la fabrication des outils du paysan San.<\/p>\n<p>Dans la qu\u00eate d\u2019un mieux-\u00eatre pour sa famille, le vieux Sidiki va migrer d\u2019abord \u00e0 Gninani, d\u00e9partement de Barani dans la Kossi, puis \u00e0 Gn\u00f4n\u00f4 en R\u00e9publique du Mali vers 1952.<\/p>\n<p>Sentant les pr\u00e9mices de la premi\u00e8re guerre Mali-Haute-Volta, il d\u00e9cida de rentrer au pays natal vers les ann\u00e9es 1970, en passant par Nouna, Gui\u00e9dougou, Lanfiera au Sourou et enfin \u00e0 Kouka chez les B\u00f4b\u00f4s dans les Banwa o\u00f9 la famille est install\u00e9e depuis 1972.<\/p>\n<p>Bien qu\u2019il n\u2019ait pas eu la chance d\u2019aller \u00e0 l\u2019\u00e9cole du blanc, Sery Yaya dot\u00e9 d\u2019une\u00a0 ing\u00e9niosit\u00e9 hors pair, savait tout faire et tr\u00e8s bien le faire.<\/p>\n<p>Il exer\u00e7a entre autres la couture, la m\u00e9canique, la menuiserie, la ma\u00e7onnerie, surtout l\u2019\u00e9lectronique, l\u2019animation et la communication.<\/p>\n<p>Apr\u00e8s la photographie, Sery Yaya se mua en cam\u00e9raman.<\/p>\n<p>On retiendra \u00e9galement qu\u2019il fait partie des premiers promoteurs de cabines t\u00e9l\u00e9phoniques et de t\u00e9l\u00e9centres\u00a0\u00e0 Kouka et m\u00eame \u00e0 Solenzo.<\/p>\n<p>Dans la ferveur de sa jeunesse, Sery Yaya introduit les soir\u00e9es dansantes dans la province des Banwa.<\/p>\n<p><strong>\u00a0 \u00a0 \u00a0 \u00a0 \u00a0 \u00a0 \u00a0 \u00a0 \u00a0 \u00a0 \u00a0 \u00a0 \u00a0 \u00a0 \u00a0 \u00a0 \u00a0 \u00a0 \u00a0Grande passion pour l\u2019audio-visuel<\/strong><\/p>\n<p>S\u2019\u00e9tant form\u00e9 seul dans la r\u00e9paration des postes radios, Sery Yaya a commenc\u00e9 \u00e0 exploiter en 1978, une fr\u00e9quence radio FM o\u00f9 il faisait passer rien que de la musique.<\/p>\n<p>Cependant, cette \u00abradio clandestine\u00bb va connaitre un arr\u00eat \u00e0 cause d\u2019une interf\u00e9rence avec le syst\u00e8me du r\u00e9seau administratif du commandement du d\u00e9tachement militaire bas\u00e9 \u00e0 Kouka \u00e0 l\u2019\u00e9poque.<\/p>\n<p>Comme le projet de radio-t\u00e9l\u00e9vision lui tenait \u00e0 c\u0153ur, Sery Yaya engage les proc\u00e9dures aupr\u00e8s des autorit\u00e9s comp\u00e9tentes. L\u2019autorisation est obtenue le 19 novembre 2002. Il fonda alors officiellement la radio Lotamu (la voix du village) \u00e0 Solenzo, un v\u00e9ritable levier pour le d\u00e9veloppement de la province des Banwa.<\/p>\n<p>Le projet de t\u00e9l\u00e9vision reste un d\u00e9fi pour ses H\u00e9ritiers, Sery Aly en t\u00eate.<\/p>\n<p><strong>\u00a0 \u00a0 \u00a0 \u00a0 \u00a0 \u00a0 \u00a0 \u00a0 \u00a0 \u00a0 \u00a0 \u00a0 \u00a0 \u00a0 \u00a0 \u00a0 \u00a0 \u00a0 \u00a0 \u00a0Un homme utile \u00e0 sa communaut\u00e9<\/strong><\/p>\n<p>Homme de conviction, de droiture morale, g\u00e9n\u00e9reux et humble, Sery Yaya s\u2019\u00e9vertuait \u00e0 trouver les meilleures solutions, \u00e0 chaque fois qu\u2019il \u00e9tait consult\u00e9 pour la r\u00e9solution des probl\u00e8mes et des crises au sein de la communaut\u00e9.<\/p>\n<p>Il a toujours donn\u00e9 une suite favorable aux diverses sollicitations, que \u00e7a soit celles des populations ou celles des autorit\u00e9s (surtout sous la R\u00e9volution sankariste).<\/p>\n<p>Ces derni\u00e8res ann\u00e9es, rong\u00e9 par la maladie, Sery Yaya \u00e9tait de plus en plus absent \u00e0 Kouka, le village qu\u2019il a tant aim\u00e9 et tout donn\u00e9.<\/p>\n<p>Moralement \u00a0fort, malgr\u00e9 la maladie, il assurait presque toutes ses obligations et charges.<\/p>\n<p>Sery Yay s\u2019est battu. Aucun soutien ne l\u2019a manqu\u00e9. Sa famille a tout donn\u00e9. Les agents de sant\u00e9 ont jou\u00e9 leur partition. Mais comme on le dit, son jour est arriv\u00e9. C\u2019est dans la nuit du mardi 22 ao\u00fbt 2023 qu&rsquo;il a rendu l&rsquo;\u00e2me en laissant derri\u00e8re lui, trois \u00e9pouses, trois filles et onze gar\u00e7ons.<\/p>\n<p>El Hadj Yaya SERY a \u00e9t\u00e9 un grand baobab, une biblioth\u00e8que, un point d\u2019eau. Les grands Hommes ne meurent jamais. Son h\u00e9ritage incommensurable, ses actions et ses actes lui survivront.<\/p>\n<p><strong>Agence d\u2019information du Burkina<\/strong><\/p>\n<p><strong>Salifou OUEDRAOGO<\/strong><\/p>\n<p>&nbsp;<\/p>\n","protected":false},"excerpt":{"rendered":"<p>Les Banwa\u00a0pleurent El Hadj Yaya Sery, le g\u00e9n\u00e9reux autodidacte et homme de m\u00e9dias (portrait) Solenzo, 5 sept. 2023(AIB)- La m\u00e9canique, la menuiserie, la ma\u00e7onnerie,\u00a0 l\u2019\u00e9lectronique, l\u2019animation, la photographie, la t\u00e9l\u00e9phonie, la communication\u2026 El Hadj Yaya Sery (80 ans) \u00e9tait l\u2019exemple vivant du v\u00e9ritable autodidacte. Le fondateur de la radio Lotamu que les\u00a0 Banwa et la [&hellip;]<\/p>\n","protected":false},"author":6,"featured_media":66594,"comment_status":"open","ping_status":"open","sticky":false,"template":"","format":"standard","meta":{"advanced_seo_description":"","jetpack_seo_html_title":"","jetpack_seo_noindex":false,"jetpack_post_was_ever_published":false,"footnotes":""},"categories":[43,173,37,93,203,95,83,97,40],"tags":[],"class_list":{"0":"post-66593","1":"post","2":"type-post","3":"status-publish","4":"format-standard","5":"has-post-thumbnail","7":"category-boucle-du-mouhoun","8":"category-depeches","9":"category-economie","10":"category-flashinfos","11":"category-la-une-aib","12":"category-les-banwa","13":"category-medias","14":"category-mouhoun","15":"category-regions"},"jetpack_featured_media_url":"https:\/\/i0.wp.com\/www.aib.media\/wp-content\/uploads\/2023\/09\/Sery2.png?fit=471%2C567&ssl=1","jetpack_shortlink":"https:\/\/wp.me\/pavbHe-hk5","_links":{"self":[{"href":"https:\/\/www.aib.media\/index.php?rest_route=\/wp\/v2\/posts\/66593","targetHints":{"allow":["GET"]}}],"collection":[{"href":"https:\/\/www.aib.media\/index.php?rest_route=\/wp\/v2\/posts"}],"about":[{"href":"https:\/\/www.aib.media\/index.php?rest_route=\/wp\/v2\/types\/post"}],"author":[{"embeddable":true,"href":"https:\/\/www.aib.media\/index.php?rest_route=\/wp\/v2\/users\/6"}],"replies":[{"embeddable":true,"href":"https:\/\/www.aib.media\/index.php?rest_route=%2Fwp%2Fv2%2Fcomments&post=66593"}],"version-history":[{"count":0,"href":"https:\/\/www.aib.media\/index.php?rest_route=\/wp\/v2\/posts\/66593\/revisions"}],"wp:featuredmedia":[{"embeddable":true,"href":"https:\/\/www.aib.media\/index.php?rest_route=\/wp\/v2\/media\/66594"}],"wp:attachment":[{"href":"https:\/\/www.aib.media\/index.php?rest_route=%2Fwp%2Fv2%2Fmedia&parent=66593"}],"wp:term":[{"taxonomy":"category","embeddable":true,"href":"https:\/\/www.aib.media\/index.php?rest_route=%2Fwp%2Fv2%2Fcategories&post=66593"},{"taxonomy":"post_tag","embeddable":true,"href":"https:\/\/www.aib.media\/index.php?rest_route=%2Fwp%2Fv2%2Ftags&post=66593"}],"curies":[{"name":"wp","href":"https:\/\/api.w.org\/{rel}","templated":true}]}}