{"id":48081,"date":"2022-10-19T18:28:38","date_gmt":"2022-10-19T18:28:38","guid":{"rendered":"https:\/\/www.aib.media\/?p=48081"},"modified":"2022-10-19T18:29:34","modified_gmt":"2022-10-19T18:29:34","slug":"les-sympathisants-du-lieutenant-colonel-zoungrana-insistent-pour-sa-liberation","status":"publish","type":"post","link":"https:\/\/www.aib.media\/?p=48081","title":{"rendered":"Les sympathisants du lieutenant-colonel Zoungrana insistent pour sa lib\u00e9ration"},"content":{"rendered":"<p>Burkina-Arm\u00e9e-Justice-Conf\u00e9rence<\/p>\n<p><strong>Les sympathisants du lieutenant-colonel Zoungrana insistent pour sa lib\u00e9ration<\/strong><\/p>\n<p><strong>Ouagadougou 19 oct. 2022 (AIB)- Les membres du Mouvement pour la r\u00e9conciliation et la paix au Burkina Faso (MRP-BF) ont organis\u00e9 mercredi \u00e0 Ouagadougou une conf\u00e9rence\u00a0 de presse en vue d\u2019attirer l\u2019attention des autorit\u00e9s politiques et judiciaires pour obtenir la lib\u00e9ration du lieutenant-colonel Emmanuel Zoungrana, en prison depuis 10 mois. <\/strong><\/p>\n<p>Dans sa d\u00e9claration liminaire Kiswensida Zoungrana a affirm\u00e9 qu\u2019\u00ab apr\u00e8s notre sortie du 11 octobre 2022, nous avons jug\u00e9 n\u00e9cessaire de rencontrer la presse aujourd\u2019hui pour donner des \u00e9l\u00e9ments\u00a0 d\u2019information sur l\u2019arrestation et la d\u00e9tention arbitraire du lieutenant-colonel Zoungrana en compagnie de certains de ses avocats afin d\u2019interpeler les autorit\u00e9s politiques et judiciaires pour un traitement diligent du dossier Zoungrana<strong>\u00a0<\/strong>\u00bb<strong>. <\/strong><\/p>\n<p>Le MRP-BF dit inviter \u00ab\u00a0la population \u00e0 la solidarit\u00e9 morale \u00e0 l\u2019endroit du Lt-Col Zoungrana\u00a0 qui vit une situation difficile alors que toute son histoire militaire a \u00e9t\u00e9 un sacrifice pour la Nation\u00a0\u00bb.<\/p>\n<p>Les sympathisants du d\u00e9tenu Zoungrana soulignent\u00a0 que son dossier \u00ab\u00a0est loin d\u2019\u00eatre un dossier judiciaire\u00a0\u00bb, car depuis son arrestation le 10 janvier dernier, le juge d\u2019instruction ne lui a jamais signifi\u00e9 une preuve jusqu\u2019\u00e0 ce jour.<\/p>\n<p>Le lieutenant-colonel Zoungrana avait \u00e9t\u00e9 lib\u00e9r\u00e9 le 2 f\u00e9vrier dernier par la chambre de contr\u00f4le du tribunal militaire avant que d\u2019autres charges (blanchiments de capitaux, enrichissement illicite) ne soient mentionn\u00e9es contre lui.<\/p>\n<p>Pour le MRP-BF, ce sont des \u00ab\u00a0infractions fabriqu\u00e9es pour le maintenir en prison\u00a0\u00bb, car, toujours selon les sympathisants de Zoungrana, \u00ab\u00a0les enqu\u00eates\u00a0\u00a0 men\u00e9es suite \u00e0\u00a0 ces infractions ci-dessus cit\u00e9es, aucun t\u00e9moignage en charge \u00a0n\u2019a \u00e9t\u00e9\u00a0 retenu contre le LCL Zoungrana\u00a0\u00bb.<\/p>\n<p>En rappel, le LCL Zoungrana est accus\u00e9 de tentative de d\u00e9stabilisation des institutions de l\u2019Etat et a \u00a0\u00e9t\u00e9 \u00e9crou\u00e9 en prison \u00e0 Ouagadougou le 14 janvier 2022. Il s\u2019est vu refuser la libert\u00e9 provisoire le 12 octobre dernier par la chambre de contr\u00f4le.<br \/>\n<strong>Agence d\u2019Information du Burkina<\/strong><\/p>\n<p><strong>AS\/bs\/ak\u00a0\u00a0<\/strong><\/p>\n","protected":false},"excerpt":{"rendered":"<p>Burkina-Arm\u00e9e-Justice-Conf\u00e9rence Les sympathisants du lieutenant-colonel Zoungrana insistent pour sa lib\u00e9ration Ouagadougou 19 oct. 2022 (AIB)- Les membres du Mouvement pour la r\u00e9conciliation et la paix au Burkina Faso (MRP-BF) ont organis\u00e9 mercredi \u00e0 Ouagadougou une conf\u00e9rence\u00a0 de presse en vue d\u2019attirer l\u2019attention des autorit\u00e9s politiques et judiciaires pour obtenir la lib\u00e9ration du lieutenant-colonel Emmanuel Zoungrana, [&hellip;]<\/p>\n","protected":false},"author":7,"featured_media":48083,"comment_status":"open","ping_status":"open","sticky":false,"template":"","format":"standard","meta":{"advanced_seo_description":"","jetpack_seo_html_title":"","jetpack_seo_noindex":false,"jetpack_post_was_ever_published":false,"footnotes":""},"categories":[42,173,93,102,203,38,40],"tags":[],"class_list":{"0":"post-48081","1":"post","2":"type-post","3":"status-publish","4":"format-standard","5":"has-post-thumbnail","7":"category-centre","8":"category-depeches","9":"category-flashinfos","10":"category-kadiogo","11":"category-la-une-aib","12":"category-politique","13":"category-regions"},"jetpack_featured_media_url":"https:\/\/i0.wp.com\/www.aib.media\/wp-content\/uploads\/2022\/10\/Zoung.jpg?fit=1080%2C810&ssl=1","jetpack_shortlink":"https:\/\/wp.me\/pavbHe-cvv","_links":{"self":[{"href":"https:\/\/www.aib.media\/index.php?rest_route=\/wp\/v2\/posts\/48081","targetHints":{"allow":["GET"]}}],"collection":[{"href":"https:\/\/www.aib.media\/index.php?rest_route=\/wp\/v2\/posts"}],"about":[{"href":"https:\/\/www.aib.media\/index.php?rest_route=\/wp\/v2\/types\/post"}],"author":[{"embeddable":true,"href":"https:\/\/www.aib.media\/index.php?rest_route=\/wp\/v2\/users\/7"}],"replies":[{"embeddable":true,"href":"https:\/\/www.aib.media\/index.php?rest_route=%2Fwp%2Fv2%2Fcomments&post=48081"}],"version-history":[{"count":0,"href":"https:\/\/www.aib.media\/index.php?rest_route=\/wp\/v2\/posts\/48081\/revisions"}],"wp:featuredmedia":[{"embeddable":true,"href":"https:\/\/www.aib.media\/index.php?rest_route=\/wp\/v2\/media\/48083"}],"wp:attachment":[{"href":"https:\/\/www.aib.media\/index.php?rest_route=%2Fwp%2Fv2%2Fmedia&parent=48081"}],"wp:term":[{"taxonomy":"category","embeddable":true,"href":"https:\/\/www.aib.media\/index.php?rest_route=%2Fwp%2Fv2%2Fcategories&post=48081"},{"taxonomy":"post_tag","embeddable":true,"href":"https:\/\/www.aib.media\/index.php?rest_route=%2Fwp%2Fv2%2Ftags&post=48081"}],"curies":[{"name":"wp","href":"https:\/\/api.w.org\/{rel}","templated":true}]}}