{"id":44758,"date":"2022-08-02T16:32:24","date_gmt":"2022-08-02T16:32:24","guid":{"rendered":"https:\/\/www.aib.media\/?p=44758"},"modified":"2022-08-02T16:32:24","modified_gmt":"2022-08-02T16:32:24","slug":"bogande-populations-et-fds-nettoient-le-marche-central","status":"publish","type":"post","link":"https:\/\/www.aib.media\/?p=44758","title":{"rendered":"Bogand\u00e9: Populations et FDS nettoient le march\u00e9 central"},"content":{"rendered":"<p>&nbsp;<\/p>\n<p>Bogand\u00e9: Populations et FDS nettoient le march\u00e9 central<\/p>\n<p>Bogand\u00e9, 31 juillet 2022 (AIB)-Le cadre de concertation provincial de la Gnagna a organis\u00e9 samedi une journ\u00e9e de salubrit\u00e9 au march\u00e9 central de Bogand\u00e9. Cette activit\u00e9 visait \u00e0 rapprocher les populations des Forces de s\u00e9curit\u00e9 int\u00e9rieure.<\/p>\n<p>A l&rsquo;appel du cadre de concertation provincial de la Gnagna, les civils et les forces de s\u00e9curit\u00e9 int\u00e9rieure se sont retrouv\u00e9s au march\u00e9 central de Bogand\u00e9 pour une journ\u00e9e de salubrit\u00e9. Ce fut des moments de fraternit\u00e9 et de communion entre les acteurs.<\/p>\n<p>C\u00f4te \u00e0 c\u00f4te, munis de balais, de pelles, de r\u00e2teaux et d&rsquo;autres mat\u00e9riels de nettoyage, c&rsquo;est dans une bonne ambiance que les civils et les forces de s\u00e9curit\u00e9 int\u00e9rieure ont ex\u00e9cut\u00e9 des travaux de salubrit\u00e9 au march\u00e9 central de Bogand\u00e9.<\/p>\n<p>Cette activit\u00e9, selon le directeur provincial de la police nationale, s&rsquo;inscrit dans le cadre de la mise en \u0153uvre d&rsquo;un projet dont l&rsquo;objectif majeur est de renforcer la collaboration entre forces de s\u00e9curit\u00e9 int\u00e9rieure et les populations.<\/p>\n<p>Pour Day\u00e9ri Guitanga, \u00e9lu consulaire de la province de la Gnagna l&rsquo;initiative est salutaire. \u00a0\u00bb Au-del\u00e0 d&rsquo;avoir rendu propre et agr\u00e9able \u00e0 vivre le march\u00e9, les populations et les FDS se sont mieux rapproch\u00e9s\u00a0\u00bb a-t-il soutenu.<\/p>\n<p>\u00ab\u00a0C&rsquo;est parce qu&rsquo;il n&rsquo;y a pas de telles initiatives que nous nous regardions en chiens de fa\u00efence\u00a0\u00bb lance un jeune homme dans la foule avant de souhaiter que de tels cadres se multiplient davantage.<\/p>\n<p>Tous les acteurs ont \u00e9mis le v\u0153u que cette belle initiative soit p\u00e9rennis\u00e9e de sorte que la collaboration entre FDS et populations soit renforc\u00e9e.<\/p>\n<p>Agence d\u2019information du Burkina<\/p>\n<p>Oy\u00e9 Ardjima Yempabou TINDANO<\/p>\n<p>AIB-GNAGNA<\/p>\n","protected":false},"excerpt":{"rendered":"<p>&nbsp; Bogand\u00e9: Populations et FDS nettoient le march\u00e9 central Bogand\u00e9, 31 juillet 2022 (AIB)-Le cadre de concertation provincial de la Gnagna a organis\u00e9 samedi une journ\u00e9e de salubrit\u00e9 au march\u00e9 central de Bogand\u00e9. Cette activit\u00e9 visait \u00e0 rapprocher les populations des Forces de s\u00e9curit\u00e9 int\u00e9rieure. A l&rsquo;appel du cadre de concertation provincial de la Gnagna, [&hellip;]<\/p>\n","protected":false},"author":2,"featured_media":44759,"comment_status":"open","ping_status":"open","sticky":false,"template":"","format":"standard","meta":{"advanced_seo_description":"","jetpack_seo_html_title":"","jetpack_seo_noindex":false,"jetpack_post_was_ever_published":false,"footnotes":""},"categories":[60,173,49,93,116,117,118,119,203,38,120],"tags":[],"class_list":{"0":"post-44758","1":"post","2":"type-post","3":"status-publish","4":"format-standard","5":"has-post-thumbnail","7":"category-culture","8":"category-depeches","9":"category-est","10":"category-flashinfos","11":"category-gnagna","12":"category-gourma","13":"category-komandjari","14":"category-kompienga","15":"category-la-une-aib","16":"category-politique","17":"category-tapoa"},"jetpack_featured_media_url":"https:\/\/i0.wp.com\/www.aib.media\/wp-content\/uploads\/2022\/08\/IMG-20220802-WA0031.jpg?fit=1080%2C474&ssl=1","jetpack_shortlink":"https:\/\/wp.me\/pavbHe-bDU","_links":{"self":[{"href":"https:\/\/www.aib.media\/index.php?rest_route=\/wp\/v2\/posts\/44758","targetHints":{"allow":["GET"]}}],"collection":[{"href":"https:\/\/www.aib.media\/index.php?rest_route=\/wp\/v2\/posts"}],"about":[{"href":"https:\/\/www.aib.media\/index.php?rest_route=\/wp\/v2\/types\/post"}],"author":[{"embeddable":true,"href":"https:\/\/www.aib.media\/index.php?rest_route=\/wp\/v2\/users\/2"}],"replies":[{"embeddable":true,"href":"https:\/\/www.aib.media\/index.php?rest_route=%2Fwp%2Fv2%2Fcomments&post=44758"}],"version-history":[{"count":0,"href":"https:\/\/www.aib.media\/index.php?rest_route=\/wp\/v2\/posts\/44758\/revisions"}],"wp:featuredmedia":[{"embeddable":true,"href":"https:\/\/www.aib.media\/index.php?rest_route=\/wp\/v2\/media\/44759"}],"wp:attachment":[{"href":"https:\/\/www.aib.media\/index.php?rest_route=%2Fwp%2Fv2%2Fmedia&parent=44758"}],"wp:term":[{"taxonomy":"category","embeddable":true,"href":"https:\/\/www.aib.media\/index.php?rest_route=%2Fwp%2Fv2%2Fcategories&post=44758"},{"taxonomy":"post_tag","embeddable":true,"href":"https:\/\/www.aib.media\/index.php?rest_route=%2Fwp%2Fv2%2Ftags&post=44758"}],"curies":[{"name":"wp","href":"https:\/\/api.w.org\/{rel}","templated":true}]}}