{"id":44640,"date":"2022-07-29T14:42:30","date_gmt":"2022-07-29T14:42:30","guid":{"rendered":"https:\/\/www.aib.media\/?p=44640"},"modified":"2022-07-29T14:43:25","modified_gmt":"2022-07-29T14:43:25","slug":"gaoua-le-chef-de-canton-bifate-2-intronise","status":"publish","type":"post","link":"https:\/\/www.aib.media\/?p=44640","title":{"rendered":"Gaoua: le chef de canton Bifat\u00e9 2 intronis\u00e9"},"content":{"rendered":"<p>&nbsp;<\/p>\n<p>Gaoua: le chef de canton Bifat\u00e9 2 intronis\u00e9<\/p>\n<p>Gaoua, 29 juillet 2022(AIB)-Le chef de canton de Gaoua, chef-lieu de la r\u00e9gion du sud-ouest, Binko\u00e9t\u00e9 Ouss\u00e9 Albert a \u00e9t\u00e9 intronis\u00e9 ce vendredi 29 juillet 2022.<\/p>\n<p>Il a pris pour nom de guerre Bifat\u00e9 2 qui signifie en langue locale lobiri \u00abenfant perdu\u00bb.<\/p>\n<p>Le nouveau guide entend \u0153uvrer \u00e0 l&rsquo;image de son d\u00e9funt p\u00e8re Bifat\u00e9 1, \u00e0 la coh\u00e9sion et \u00e0 la paix dans le canton.<\/p>\n<p>Agence d\u2019information du Burkina<\/p>\n<p>Nous y reviendrons.<\/p>\n","protected":false},"excerpt":{"rendered":"<p>&nbsp; Gaoua: le chef de canton Bifat\u00e9 2 intronis\u00e9 Gaoua, 29 juillet 2022(AIB)-Le chef de canton de Gaoua, chef-lieu de la r\u00e9gion du sud-ouest, Binko\u00e9t\u00e9 Ouss\u00e9 Albert a \u00e9t\u00e9 intronis\u00e9 ce vendredi 29 juillet 2022. Il a pris pour nom de guerre Bifat\u00e9 2 qui signifie en langue locale lobiri \u00abenfant perdu\u00bb. Le nouveau guide [&hellip;]<\/p>\n","protected":false},"author":2,"featured_media":44642,"comment_status":"open","ping_status":"open","sticky":false,"template":"","format":"standard","meta":{"advanced_seo_description":"","jetpack_seo_html_title":"","jetpack_seo_noindex":false,"jetpack_post_was_ever_published":false,"footnotes":""},"categories":[135,60,173,93,136,203,137,138,54],"tags":[],"class_list":{"0":"post-44640","1":"post","2":"type-post","3":"status-publish","4":"format-standard","5":"has-post-thumbnail","7":"category-bougouriba","8":"category-culture","9":"category-depeches","10":"category-flashinfos","11":"category-ioba","12":"category-la-une-aib","13":"category-noumbiel","14":"category-poni","15":"category-sud-ouest"},"jetpack_featured_media_url":"https:\/\/i0.wp.com\/www.aib.media\/wp-content\/uploads\/2022\/07\/FB_IMG_1659105767162.jpg?fit=720%2C324&ssl=1","jetpack_shortlink":"https:\/\/wp.me\/pavbHe-bC0","_links":{"self":[{"href":"https:\/\/www.aib.media\/index.php?rest_route=\/wp\/v2\/posts\/44640","targetHints":{"allow":["GET"]}}],"collection":[{"href":"https:\/\/www.aib.media\/index.php?rest_route=\/wp\/v2\/posts"}],"about":[{"href":"https:\/\/www.aib.media\/index.php?rest_route=\/wp\/v2\/types\/post"}],"author":[{"embeddable":true,"href":"https:\/\/www.aib.media\/index.php?rest_route=\/wp\/v2\/users\/2"}],"replies":[{"embeddable":true,"href":"https:\/\/www.aib.media\/index.php?rest_route=%2Fwp%2Fv2%2Fcomments&post=44640"}],"version-history":[{"count":0,"href":"https:\/\/www.aib.media\/index.php?rest_route=\/wp\/v2\/posts\/44640\/revisions"}],"wp:featuredmedia":[{"embeddable":true,"href":"https:\/\/www.aib.media\/index.php?rest_route=\/wp\/v2\/media\/44642"}],"wp:attachment":[{"href":"https:\/\/www.aib.media\/index.php?rest_route=%2Fwp%2Fv2%2Fmedia&parent=44640"}],"wp:term":[{"taxonomy":"category","embeddable":true,"href":"https:\/\/www.aib.media\/index.php?rest_route=%2Fwp%2Fv2%2Fcategories&post=44640"},{"taxonomy":"post_tag","embeddable":true,"href":"https:\/\/www.aib.media\/index.php?rest_route=%2Fwp%2Fv2%2Ftags&post=44640"}],"curies":[{"name":"wp","href":"https:\/\/api.w.org\/{rel}","templated":true}]}}