{"id":4333,"date":"2019-03-11T15:39:31","date_gmt":"2019-03-11T15:39:31","guid":{"rendered":"https:\/\/www.aib.media\/?p=4333"},"modified":"2019-03-11T15:40:51","modified_gmt":"2019-03-11T15:40:51","slug":"8-mars-2019les-femmes-hauts-bassins-sont-de-coeur-avec-les-fds","status":"publish","type":"post","link":"https:\/\/www.aib.media\/?p=4333","title":{"rendered":"8-Mars 2019:les femmes Hauts-Bassins sont de c\u0153ur avec les FDS"},"content":{"rendered":"<p><strong>8-Mars 2019<\/strong><\/p>\n<p><strong>Les femmes Hauts-Bassins sont de c\u0153ur avec les FDS<\/strong><\/p>\n<p><strong>\u00a0<\/strong><\/p>\n<p><strong>Les femmes de la r\u00e9gion des Hauts-Bassins ont c\u00e9l\u00e9br\u00e9 la 162<sup>e<\/sup> Journ\u00e9e internationale des droits de la femme, le vendredi 8 mars 2019 \u00e0 Bobo-Dioulasso. La c\u00e9r\u00e9monie de comm\u00e9moration a \u00e9t\u00e9 patronn\u00e9e par la ministre du D\u00e9veloppement de l\u2019\u00e9conomie num\u00e9rique et des Postes,\u00a0 Hadja Fatimata Ouattara. A cette occasion, les femmes ont manifest\u00e9 leur soutien aux Forces de d\u00e9fense et de s\u00e9curit\u00e9 (FDS).<\/strong><\/p>\n<p>&nbsp;<\/p>\n<p>Apr\u00e8s Hound\u00e9 en 2018, c\u2019\u00e9tait le tour de Bobo-Dioulasso d\u2019abriter la comm\u00e9moration tournante de la Journ\u00e9e internationale des droits de la femme dans la r\u00e9gion des Hauts-Bassins. C\u2019est l\u2019avenue Charles de Gaulles, longeant le gouvernorat, qui a servi de cadre pour la c\u00e9l\u00e9bration r\u00e9gionale de ladite Journ\u00e9e, ce vendredi 8 mars 2019. La c\u00e9r\u00e9monie a \u00e9t\u00e9 ponctu\u00e9e par des allocutions et un d\u00e9fil\u00e9 de femmes civiles et militaires. Elle a \u00e9t\u00e9 plac\u00e9e sous le patronage de la ministre du D\u00e9veloppement de l\u2019\u00e9conomie num\u00e9rique et des Postes, Hadja Fatimata Ouattara.\u00a0 Et coparrain\u00e9e par l\u2019\u00e9pouse du pr\u00e9sident de l\u2019Assembl\u00e9e nationale, Carine C\u00e9cile Sakand\u00e9, et le pr\u00e9sident de la Chambre r\u00e9gionale du commerce et d\u2019industrie des Haut-Bassins, Lancin\u00e9 Diawara. Hadja Fatimata Ouattara a soulign\u00e9 que les femmes de la r\u00e9gion, ont \u00e0 l\u2019occasion d\u2019une journ\u00e9e de pri\u00e8re organis\u00e9e en marge du 8 mars, r\u00e9unit\u00a0 la somme de 2\u00a0500\u00a0000 F CFA.<\/p>\n<p><img data-recalc-dims=\"1\" loading=\"lazy\" decoding=\"async\" data-attachment-id=\"4336\" data-permalink=\"https:\/\/www.aib.media\/?attachment_id=4336\" data-orig-file=\"https:\/\/i0.wp.com\/www.aib.media\/wp-content\/uploads\/2019\/03\/106.jpg?fit=640%2C360&amp;ssl=1\" data-orig-size=\"640,360\" data-comments-opened=\"1\" data-image-meta=\"{&quot;aperture&quot;:&quot;1.9&quot;,&quot;credit&quot;:&quot;&quot;,&quot;camera&quot;:&quot;SM-N920T&quot;,&quot;caption&quot;:&quot;&quot;,&quot;created_timestamp&quot;:&quot;1552045039&quot;,&quot;copyright&quot;:&quot;&quot;,&quot;focal_length&quot;:&quot;4.3&quot;,&quot;iso&quot;:&quot;40&quot;,&quot;shutter_speed&quot;:&quot;0.00098039215686275&quot;,&quot;title&quot;:&quot;&quot;,&quot;orientation&quot;:&quot;1&quot;}\" data-image-title=\"106\" data-image-description=\"\" data-image-caption=\"\" data-medium-file=\"https:\/\/i0.wp.com\/www.aib.media\/wp-content\/uploads\/2019\/03\/106.jpg?fit=300%2C169&amp;ssl=1\" data-large-file=\"https:\/\/i0.wp.com\/www.aib.media\/wp-content\/uploads\/2019\/03\/106.jpg?fit=640%2C360&amp;ssl=1\" class=\"alignnone size-medium wp-image-4336\" src=\"https:\/\/i0.wp.com\/www.aib.media\/wp-content\/uploads\/2019\/03\/106.jpg?resize=300%2C169&#038;ssl=1\" alt=\"\" width=\"300\" height=\"169\" srcset=\"https:\/\/i0.wp.com\/www.aib.media\/wp-content\/uploads\/2019\/03\/106.jpg?resize=300%2C169&amp;ssl=1 300w, https:\/\/i0.wp.com\/www.aib.media\/wp-content\/uploads\/2019\/03\/106.jpg?w=640&amp;ssl=1 640w\" sizes=\"auto, (max-width: 300px) 100vw, 300px\" \/>Une somme selon elle, qui devra servir \u00e0 soutenir les Forces de d\u00e9fense et de s\u00e9curit\u00e9 (FDS) dans leur lutte contre le terrorisme et l\u2019ins\u00e9curit\u00e9. S\u00e9ance tenante, ladite somme a remis par la ministre au gouverneur Antoine Atiou pour transmettre\u00a0 \u00e0 qui de droit. La coordonnatrice r\u00e9gionale des femmes des Hauts-Bassins, Solange Traor\u00e9, a invit\u00e9 ses s\u0153urs \u00e0 une franche collaboration avec les FDS. Elle a par ailleurs exhort\u00e9 les autorit\u00e9s \u00e0 impliquer davantage les femmes dans les d\u00e9marches pour la paix. Lancin\u00e9\u00a0 Diawara a, quant \u00e0 lui, annonc\u00e9 qu\u2019un fonds de garantie mutuelle d\u2019un montant minimum de 10\u00a0000\u00a0000 de F CFA sera mise \u00e0 la disposition\u00a0 des femmes de la r\u00e9gion en 2019. En rappel,\u00a0 cette c\u00e9l\u00e9bration du 8 mars \u00e9tait plac\u00e9 cette ann\u00e9e sous le th\u00e8me\u00a0: <em>\u00ab\u00a0Contribution des femmes \u00e0 l\u2019\u00e9dification d\u2019un Burkina Faso de s\u00e9curit\u00e9, de paix et de coh\u00e9sion sociale\u00a0\u00bb<\/em>. A la fin de la c\u00e9r\u00e9monie, le flambeau a \u00e9t\u00e9 transmis \u00e0 la province du K\u00e9n\u00e9dougou pour l\u2019organisation de la 163<sup>e<\/sup> Journ\u00e9e.<\/p>\n<p><strong>Maoua Leilatou ZON<\/strong><\/p>\n<p><strong>Barkissa BONKOUNGOU<\/strong><\/p>\n<p><strong>(Stagiaires)<\/strong><\/p>\n","protected":false},"excerpt":{"rendered":"<p>8-Mars 2019 Les femmes Hauts-Bassins sont de c\u0153ur avec les FDS \u00a0 Les femmes de la r\u00e9gion des Hauts-Bassins ont c\u00e9l\u00e9br\u00e9 la 162e Journ\u00e9e internationale des droits de la femme, le vendredi 8 mars 2019 \u00e0 Bobo-Dioulasso. La c\u00e9r\u00e9monie de comm\u00e9moration a \u00e9t\u00e9 patronn\u00e9e par la ministre du D\u00e9veloppement de l\u2019\u00e9conomie num\u00e9rique et des Postes,\u00a0 [&hellip;]<\/p>\n","protected":false},"author":2,"featured_media":4334,"comment_status":"open","ping_status":"open","sticky":false,"template":"","format":"standard","meta":{"advanced_seo_description":"","jetpack_seo_html_title":"","jetpack_seo_noindex":false,"jetpack_post_was_ever_published":false,"footnotes":""},"categories":[93,50,121,122,203,36,123],"tags":[],"class_list":{"0":"post-4333","1":"post","2":"type-post","3":"status-publish","4":"format-standard","5":"has-post-thumbnail","7":"category-flashinfos","8":"category-haut-bassins","9":"category-houet","10":"category-kenedougou","11":"category-la-une-aib","12":"category-societe","13":"category-tuy"},"jetpack_featured_media_url":"https:\/\/i0.wp.com\/www.aib.media\/wp-content\/uploads\/2019\/03\/105.jpg?fit=480%2C500&ssl=1","jetpack_shortlink":"https:\/\/wp.me\/pavbHe-17T","_links":{"self":[{"href":"https:\/\/www.aib.media\/index.php?rest_route=\/wp\/v2\/posts\/4333","targetHints":{"allow":["GET"]}}],"collection":[{"href":"https:\/\/www.aib.media\/index.php?rest_route=\/wp\/v2\/posts"}],"about":[{"href":"https:\/\/www.aib.media\/index.php?rest_route=\/wp\/v2\/types\/post"}],"author":[{"embeddable":true,"href":"https:\/\/www.aib.media\/index.php?rest_route=\/wp\/v2\/users\/2"}],"replies":[{"embeddable":true,"href":"https:\/\/www.aib.media\/index.php?rest_route=%2Fwp%2Fv2%2Fcomments&post=4333"}],"version-history":[{"count":0,"href":"https:\/\/www.aib.media\/index.php?rest_route=\/wp\/v2\/posts\/4333\/revisions"}],"wp:featuredmedia":[{"embeddable":true,"href":"https:\/\/www.aib.media\/index.php?rest_route=\/wp\/v2\/media\/4334"}],"wp:attachment":[{"href":"https:\/\/www.aib.media\/index.php?rest_route=%2Fwp%2Fv2%2Fmedia&parent=4333"}],"wp:term":[{"taxonomy":"category","embeddable":true,"href":"https:\/\/www.aib.media\/index.php?rest_route=%2Fwp%2Fv2%2Fcategories&post=4333"},{"taxonomy":"post_tag","embeddable":true,"href":"https:\/\/www.aib.media\/index.php?rest_route=%2Fwp%2Fv2%2Ftags&post=4333"}],"curies":[{"name":"wp","href":"https:\/\/api.w.org\/{rel}","templated":true}]}}