{"id":147943,"date":"2026-04-30T13:12:12","date_gmt":"2026-04-30T13:12:12","guid":{"rendered":"https:\/\/www.aib.media\/?p=147943"},"modified":"2026-04-30T13:12:12","modified_gmt":"2026-04-30T13:12:12","slug":"tapoa-la-ceb-de-diapaga-cloture-la-3%e1%b5%89-edition-des-jeppc-par-un-dassandaga","status":"publish","type":"post","link":"https:\/\/www.aib.media\/?p=147943","title":{"rendered":"Tapoa : La CEB de Diapaga cl\u00f4ture la 3\u1d49 \u00e9dition des JEPPC par un \u00ab Dassandaga \u00bb"},"content":{"rendered":"<p><strong>Tapoa : La CEB de Diapaga cl\u00f4ture la 3\u1d49 \u00e9dition des JEPPC par un \u00ab Dassandaga \u00bb<\/strong><\/p>\n<p><strong>Diapaga, 25 avril 2026 (AIB)-La Circonscription d\u2019\u00e9ducation de base (CEB) de Diapaga a cl\u00f4tur\u00e9, le samedi 25 avril 2026, la 3\u1d49 \u00e9dition des Journ\u00e9es d\u2019engagement patriotique et de participation citoyenne (JEPPC) par un \u00ab Dassandaga \u00bb \u00e0 l\u2019\u00e9cole primaire publique \u00ab B \u00bb de Diapaga.<\/strong><\/p>\n<p>La CEB de Diapaga s\u2019est encore inscrite dans la dynamique nationale de promotion des produits locaux, ce samedi 25 avril 2026. \u00c0 travers ce \u00ab Dassandaga \u00bb alliant arts culinaires, alimentaires et vestimentaires, la communaut\u00e9 \u00e9ducative de Diapaga s\u2019est illustr\u00e9e par ses initiatives locales en faveur du renforcement de la consommation des produits locaux.<\/p>\n<p>\u00c0 Diapaga, la CEB se distingue par sa cr\u00e9ativit\u00e9, et cela \u00e0 la faveur du contexte s\u00e9curitaire en nette am\u00e9lioration dans cette cit\u00e9. Le samedi 25 avril, la CEB a franchi une \u00e9tape avec l\u2019organisation du Dassandaga, o\u00f9 tenues traditionnelles, gastronomie locale, musique locale et boissons locales ont tenu en haleine la communaut\u00e9 \u00e9ducative et la population.<\/p>\n<p>Dans son allocution, Couldiati Alima Abga, directrice de l\u2019\u00e9cole \u00ab B \u00bb de Diapaga, a exprim\u00e9 sa reconnaissance \u00e0 la hi\u00e9rarchie pour le choix port\u00e9 sur son \u00e9tablissement pour abriter la c\u00e9r\u00e9monie.<\/p>\n<p>Elle a \u00e9galement salu\u00e9 la forte mobilisation de ses coll\u00e8gues autour de l\u2019\u00e9v\u00e9nement, estimant que le fonctionnement de l\u2019\u00e9cole constitue un symbole de la r\u00e9silience des populations de Diapaga.<\/p>\n<p>Cette initiative, selon Mme Couldiati, vise \u00e0 promouvoir la consommation des mets locaux, v\u00e9ritables symboles de notre souverainet\u00e9 culturelle et \u00e9conomique. \u00ab En valorisant ce que nous produisons, a conclu Alima Couldiati Abga, nous contribuons non seulement \u00e0 la r\u00e9silience de nos communaut\u00e9s, mais aussi \u00e0 la construction d\u2019une nation forte, digne et ind\u00e9pendante. \u00bb<\/p>\n<p>Pour l\u2019inspecteur Hubert Ouoba, directeur de l\u2019encadrement primaire de la CEB de Diapaga, au-del\u00e0 d\u2019un simple moment de convivialit\u00e9, ce Dassandaga est un acte citoyen fort qui traduit l\u2019engagement de la CEB \u00e0 changer les habitudes, \u00e0 soutenir les producteurs locaux et \u00e0 transmettre aux apprenants des valeurs de responsabilit\u00e9, de patriotisme et de fiert\u00e9 nationale.<\/p>\n<p>\u00ab Notre r\u00f4le, en tant qu\u2019\u00e9ducateurs, est essentiel : celui de former des citoyens responsables, solidaires et profond\u00e9ment attach\u00e9s \u00e0 la nation. C\u2019est pourquoi la CEB de Diapaga travaille \u00e0 \u00eatre un mod\u00e8le en posant des actes concrets en faveur du d\u00e9veloppement endog\u00e8ne. \u00bb<\/p>\n<p>Les autorit\u00e9s administratives, militaires, paramilitaires, coutumi\u00e8res et religieuses de Diapaga sont all\u00e9es communier avec la CEB lors de ce Dassandaga, qui a donn\u00e9 \u00e0 voir toute la diversit\u00e9 culturelle de la communaut\u00e9 \u00e9ducative de Diapaga. Ce Dassandaga a marqu\u00e9 le bouquet final de la 3\u1d49 \u00e9dition des JEPPC de la CEB de Diapaga.<\/p>\n<p><strong>Agence d\u2019information du Burkina<\/strong><\/p>\n<p><strong>lbk\/ata<\/strong><\/p>\n","protected":false},"excerpt":{"rendered":"<p>Tapoa : La CEB de Diapaga cl\u00f4ture la 3\u1d49 \u00e9dition des JEPPC par un \u00ab Dassandaga \u00bb Diapaga, 25 avril 2026 (AIB)-La Circonscription d\u2019\u00e9ducation de base (CEB) de Diapaga a cl\u00f4tur\u00e9, le samedi 25 avril 2026, la 3\u1d49 \u00e9dition des Journ\u00e9es d\u2019engagement patriotique et de participation citoyenne (JEPPC) par un \u00ab Dassandaga \u00bb \u00e0 l\u2019\u00e9cole [&hellip;]<\/p>\n","protected":false},"author":16,"featured_media":147944,"comment_status":"open","ping_status":"open","sticky":false,"template":"","format":"standard","meta":{"advanced_seo_description":"","jetpack_seo_html_title":"","jetpack_seo_noindex":false,"jetpack_post_was_ever_published":false,"footnotes":""},"categories":[173,80,49,93,118,119,203,38,40],"tags":[],"class_list":{"0":"post-147943","1":"post","2":"type-post","3":"status-publish","4":"format-standard","5":"has-post-thumbnail","7":"category-depeches","8":"category-dossiers","9":"category-est","10":"category-flashinfos","11":"category-komandjari","12":"category-kompienga","13":"category-la-une-aib","14":"category-politique","15":"category-regions"},"jetpack_featured_media_url":"https:\/\/i0.wp.com\/www.aib.media\/wp-content\/uploads\/2026\/04\/IMG-20260430-WA0114.jpg?fit=1080%2C789&ssl=1","jetpack_shortlink":"https:\/\/wp.me\/pavbHe-Cub","_links":{"self":[{"href":"https:\/\/www.aib.media\/index.php?rest_route=\/wp\/v2\/posts\/147943","targetHints":{"allow":["GET"]}}],"collection":[{"href":"https:\/\/www.aib.media\/index.php?rest_route=\/wp\/v2\/posts"}],"about":[{"href":"https:\/\/www.aib.media\/index.php?rest_route=\/wp\/v2\/types\/post"}],"author":[{"embeddable":true,"href":"https:\/\/www.aib.media\/index.php?rest_route=\/wp\/v2\/users\/16"}],"replies":[{"embeddable":true,"href":"https:\/\/www.aib.media\/index.php?rest_route=%2Fwp%2Fv2%2Fcomments&post=147943"}],"version-history":[{"count":1,"href":"https:\/\/www.aib.media\/index.php?rest_route=\/wp\/v2\/posts\/147943\/revisions"}],"predecessor-version":[{"id":147945,"href":"https:\/\/www.aib.media\/index.php?rest_route=\/wp\/v2\/posts\/147943\/revisions\/147945"}],"wp:featuredmedia":[{"embeddable":true,"href":"https:\/\/www.aib.media\/index.php?rest_route=\/wp\/v2\/media\/147944"}],"wp:attachment":[{"href":"https:\/\/www.aib.media\/index.php?rest_route=%2Fwp%2Fv2%2Fmedia&parent=147943"}],"wp:term":[{"taxonomy":"category","embeddable":true,"href":"https:\/\/www.aib.media\/index.php?rest_route=%2Fwp%2Fv2%2Fcategories&post=147943"},{"taxonomy":"post_tag","embeddable":true,"href":"https:\/\/www.aib.media\/index.php?rest_route=%2Fwp%2Fv2%2Ftags&post=147943"}],"curies":[{"name":"wp","href":"https:\/\/api.w.org\/{rel}","templated":true}]}}