{"id":147935,"date":"2026-04-30T13:00:44","date_gmt":"2026-04-30T13:00:44","guid":{"rendered":"https:\/\/www.aib.media\/?p=147935"},"modified":"2026-04-30T13:00:44","modified_gmt":"2026-04-30T13:00:44","slug":"nahouri-culture-lassociation-djouawoli-pour-le-developpement-de-tiebele-lance-le-mois-du-patrimoine-culturel-dans-la-cour-royale","status":"publish","type":"post","link":"https:\/\/www.aib.media\/?p=147935","title":{"rendered":"Nahouri\/Culture : L&rsquo;association Djouawoli pour le d\u00e9veloppement de Ti\u00e9b\u00e9l\u00e9 lance le mois du patrimoine culturel dans la cour royale\u00a0"},"content":{"rendered":"<p>BURKINA-NAHOURI-TIEBELE-CULTURE-LANCEMENT<\/p>\n<p><strong>Nahouri\/Culture : L&rsquo;association Djouawoli pour le d\u00e9veloppement de Ti\u00e9b\u00e9l\u00e9 lance le mois du patrimoine culturel dans la cour royale\u00a0<\/strong><\/p>\n<p><strong>P\u00f4, 30 avr. 2026 (AIB)-Le Pr\u00e9sident de la d\u00e9l\u00e9gation sp\u00e9ciale (PDS) de la commune de Ti\u00e9b\u00e9l\u00e9, Aim\u00e9 Gu\u00e9, a lanc\u00e9, ce mercredi 29 avril 2026 dans la cour royale de Ti\u00e9b\u00e9l\u00e9, le mois du patrimoine culturel. L&rsquo;initiative est de l&rsquo;Association Djouawoli pour le d\u00e9veloppement de Ti\u00e9b\u00e9l\u00e9.<\/strong><\/p>\n<p>En lan\u00e7ant le mois du patrimoine culturel par des activit\u00e9s de peinture murale traditionnelle Kassena avec les femmes peintres \u00e0 la cour royale de Ti\u00e9b\u00e9l\u00e9, class\u00e9e patrimoine mondial de l&rsquo;UNESCO, l&rsquo;association Djouawoli pour le d\u00e9veloppement de Ti\u00e9b\u00e9l\u00e9 veut p\u00e9renniser et valoriser le patrimoine culturel.<\/p>\n<p>Pour le pr\u00e9sident de l&rsquo;association, Richard Akouabou, le lancement de ses activit\u00e9s s&rsquo;inscrit dans le cadre de la sauvegarder, la p\u00e9rennisation et la transmission des valeurs culturelles \u00e0 la jeune g\u00e9n\u00e9ration.<\/p>\n<p>\u00ab Cette activit\u00e9 vise \u00e0 valoriser la culture kassena, symbole fort de leur identit\u00e9 et sera marqu\u00e9e par des activit\u00e9s de peinture en vue de renouveler les d\u00e9corations des maisons de la cour royale de Ti\u00e9b\u00e9l\u00e9 \u00bb, a indiqu\u00e9 M. Akouabou.<\/p>\n<p>En rappel, le th\u00e8me de cette \u00e9dition est : \u00abPatrimoine et diversit\u00e9 culturelle : Engagement, r\u00f4le et responsabilit\u00e9 des acteurs \u00bb et se d\u00e9roule du 18 avril au 18 mai 2026 sur toute l&rsquo;\u00e9tendue du territoire national.<\/p>\n<p>Le Pr\u00e9sident de la d\u00e9l\u00e9gation sp\u00e9ciale (PDS) de la commune de Ti\u00e9b\u00e9l\u00e9, Aim\u00e9 Gu\u00e9, a salu\u00e9 les responsables de l&rsquo;association pour cette initiative et a invit\u00e9 les diff\u00e9rents acteurs de la culture \u00e0 travailler et \u00e0 se mobiliser pour le rayonnement de la culture.<\/p>\n<p>La c\u00e9r\u00e9monie officielle de lancement des activit\u00e9s a connu la pr\u00e9sence de Mahamadou Adiawourabou, repr\u00e9sentant le directeur provincial de la culture du Nahouri, du Tr\u00e9sor Humain Vivant, Kay\u00e8 Tintana et des amis de l&rsquo;association.<\/p>\n<p><strong>Agence d\u2019information du Burkina<\/strong><\/p>\n<p><strong>AY\/HKO\/HB\/OO<\/strong><\/p>\n","protected":false},"excerpt":{"rendered":"<p>BURKINA-NAHOURI-TIEBELE-CULTURE-LANCEMENT Nahouri\/Culture : L&rsquo;association Djouawoli pour le d\u00e9veloppement de Ti\u00e9b\u00e9l\u00e9 lance le mois du patrimoine culturel dans la cour royale\u00a0 P\u00f4, 30 avr. 2026 (AIB)-Le Pr\u00e9sident de la d\u00e9l\u00e9gation sp\u00e9ciale (PDS) de la commune de Ti\u00e9b\u00e9l\u00e9, Aim\u00e9 Gu\u00e9, a lanc\u00e9, ce mercredi 29 avril 2026 dans la cour royale de Ti\u00e9b\u00e9l\u00e9, le mois du patrimoine [&hellip;]<\/p>\n","protected":false},"author":16,"featured_media":147936,"comment_status":"open","ping_status":"open","sticky":false,"template":"","format":"standard","meta":{"advanced_seo_description":"","jetpack_seo_html_title":"","jetpack_seo_noindex":false,"jetpack_post_was_ever_published":false,"footnotes":""},"categories":[48,60,173,80,93,203,114,38,40,36],"tags":[],"class_list":{"0":"post-147935","1":"post","2":"type-post","3":"status-publish","4":"format-standard","5":"has-post-thumbnail","7":"category-centre-sud","8":"category-culture","9":"category-depeches","10":"category-dossiers","11":"category-flashinfos","12":"category-la-une-aib","13":"category-nahouri","14":"category-politique","15":"category-regions","16":"category-societe"},"jetpack_featured_media_url":"https:\/\/i0.wp.com\/www.aib.media\/wp-content\/uploads\/2026\/04\/IMG-20260430-WA0105.jpg?fit=1280%2C576&ssl=1","jetpack_shortlink":"https:\/\/wp.me\/pavbHe-Cu3","_links":{"self":[{"href":"https:\/\/www.aib.media\/index.php?rest_route=\/wp\/v2\/posts\/147935","targetHints":{"allow":["GET"]}}],"collection":[{"href":"https:\/\/www.aib.media\/index.php?rest_route=\/wp\/v2\/posts"}],"about":[{"href":"https:\/\/www.aib.media\/index.php?rest_route=\/wp\/v2\/types\/post"}],"author":[{"embeddable":true,"href":"https:\/\/www.aib.media\/index.php?rest_route=\/wp\/v2\/users\/16"}],"replies":[{"embeddable":true,"href":"https:\/\/www.aib.media\/index.php?rest_route=%2Fwp%2Fv2%2Fcomments&post=147935"}],"version-history":[{"count":1,"href":"https:\/\/www.aib.media\/index.php?rest_route=\/wp\/v2\/posts\/147935\/revisions"}],"predecessor-version":[{"id":147938,"href":"https:\/\/www.aib.media\/index.php?rest_route=\/wp\/v2\/posts\/147935\/revisions\/147938"}],"wp:featuredmedia":[{"embeddable":true,"href":"https:\/\/www.aib.media\/index.php?rest_route=\/wp\/v2\/media\/147936"}],"wp:attachment":[{"href":"https:\/\/www.aib.media\/index.php?rest_route=%2Fwp%2Fv2%2Fmedia&parent=147935"}],"wp:term":[{"taxonomy":"category","embeddable":true,"href":"https:\/\/www.aib.media\/index.php?rest_route=%2Fwp%2Fv2%2Fcategories&post=147935"},{"taxonomy":"post_tag","embeddable":true,"href":"https:\/\/www.aib.media\/index.php?rest_route=%2Fwp%2Fv2%2Ftags&post=147935"}],"curies":[{"name":"wp","href":"https:\/\/api.w.org\/{rel}","templated":true}]}}