{"id":147925,"date":"2026-04-30T11:45:02","date_gmt":"2026-04-30T11:45:02","guid":{"rendered":"https:\/\/www.aib.media\/?p=147925"},"modified":"2026-04-30T11:45:02","modified_gmt":"2026-04-30T11:45:02","slug":"koosin-infrastructures-routieres-la-population-se-mobilise-pour-lentretien-de-la-voie-dokuy-nouna","status":"publish","type":"post","link":"https:\/\/www.aib.media\/?p=147925","title":{"rendered":"Koosin\/Infrastructures routi\u00e8res : La population se mobilise pour l\u2019entretien de la voie Dokuy-Nouna\u00a0"},"content":{"rendered":"<p>BURKINA-KOOSIN-INFRASTRUCTURES-ROUTIERES<\/p>\n<p><strong>Koosin\/Infrastructures routi\u00e8res : La population se mobilise pour l\u2019entretien de la voie Dokuy-Nouna\u00a0<\/strong><\/p>\n<p><strong>Dokuy, 29 avr. 2026 (AIB)-A l\u2019appel de la veille citoyenne, la population du village de Dokuy s\u2019est mobilis\u00e9e, ce mercredi 29 avril 2026, pour des travaux d\u2019entretien de la route reliant leur localit\u00e9 \u00e0 Nouna.<\/strong><\/p>\n<p>La population de Dokuy a ainsi r\u00e9pondu ce mercredi 29 avril 2026, \u00e0 l\u2019appel de la veille citoyenne pour mener une action d\u2019int\u00e9r\u00eat public.<\/p>\n<p>Selon les usagers, l\u2019objectif de cette initiative est de boucher les \u00ab nids de poule \u00bb le long de la voie menant \u00e0 Nouna, en particulier sur le tron\u00e7on Kamadena-Toni, jug\u00e9 fortement d\u00e9grad\u00e9.<\/p>\n<p>Le pr\u00e9sident de la veille citoyenne, Hamadou Sangar\u00e9, a indiqu\u00e9 que cet engagement avait \u00e9t\u00e9 pris \u00e0 l\u2019occasion de la visite du Haut-commissaire de la province de la Koosin, Noufo Demb\u00e9l\u00e9, dans la localit\u00e9 de Dokuy et la mobilisation marque ainsi la concr\u00e9tisation de cette promesse faite devant les autorit\u00e9s administratives.<\/p>\n<p>Il a \u00e9galement exprim\u00e9 sa reconnaissance au chef de canton pour sa pr\u00e9sence effective sur le site des travaux.<\/p>\n<p>M. Sangar\u00e9, a par ailleurs soulign\u00e9 que l\u2019ensemble des villages est concern\u00e9 par ces travaux d\u2019entretien.<\/p>\n<p>Apr\u00e8s la collecte des agr\u00e9gats, des camions sont attendus pour assurer le transport des cailloux sauvages, en vue de faciliter la mobilit\u00e9 des personnes et de contribuer au d\u00e9veloppement de l\u2019\u00e9conomie locale.<\/p>\n<p><strong>Agence d\u2019information du Burkina<\/strong><\/p>\n<p><strong>MBK\/AC\/HB\/OO<\/strong><\/p>\n","protected":false},"excerpt":{"rendered":"<p>BURKINA-KOOSIN-INFRASTRUCTURES-ROUTIERES Koosin\/Infrastructures routi\u00e8res : La population se mobilise pour l\u2019entretien de la voie Dokuy-Nouna\u00a0 Dokuy, 29 avr. 2026 (AIB)-A l\u2019appel de la veille citoyenne, la population du village de Dokuy s\u2019est mobilis\u00e9e, ce mercredi 29 avril 2026, pour des travaux d\u2019entretien de la route reliant leur localit\u00e9 \u00e0 Nouna. La population de Dokuy a ainsi [&hellip;]<\/p>\n","protected":false},"author":16,"featured_media":147926,"comment_status":"open","ping_status":"open","sticky":false,"template":"","format":"standard","meta":{"advanced_seo_description":"","jetpack_seo_html_title":"","jetpack_seo_noindex":false,"jetpack_post_was_ever_published":false,"footnotes":""},"categories":[43,173,789,80,93,96,203,38,40,36],"tags":[],"class_list":{"0":"post-147925","1":"post","2":"type-post","3":"status-publish","4":"format-standard","5":"has-post-thumbnail","7":"category-boucle-du-mouhoun","8":"category-depeches","9":"category-developpement","10":"category-dossiers","11":"category-flashinfos","12":"category-kossi","13":"category-la-une-aib","14":"category-politique","15":"category-regions","16":"category-societe"},"jetpack_featured_media_url":"https:\/\/i0.wp.com\/www.aib.media\/wp-content\/uploads\/2026\/04\/IMG-20260430-WA0088.jpg?fit=1024%2C768&ssl=1","jetpack_shortlink":"https:\/\/wp.me\/pavbHe-CtT","_links":{"self":[{"href":"https:\/\/www.aib.media\/index.php?rest_route=\/wp\/v2\/posts\/147925","targetHints":{"allow":["GET"]}}],"collection":[{"href":"https:\/\/www.aib.media\/index.php?rest_route=\/wp\/v2\/posts"}],"about":[{"href":"https:\/\/www.aib.media\/index.php?rest_route=\/wp\/v2\/types\/post"}],"author":[{"embeddable":true,"href":"https:\/\/www.aib.media\/index.php?rest_route=\/wp\/v2\/users\/16"}],"replies":[{"embeddable":true,"href":"https:\/\/www.aib.media\/index.php?rest_route=%2Fwp%2Fv2%2Fcomments&post=147925"}],"version-history":[{"count":1,"href":"https:\/\/www.aib.media\/index.php?rest_route=\/wp\/v2\/posts\/147925\/revisions"}],"predecessor-version":[{"id":147927,"href":"https:\/\/www.aib.media\/index.php?rest_route=\/wp\/v2\/posts\/147925\/revisions\/147927"}],"wp:featuredmedia":[{"embeddable":true,"href":"https:\/\/www.aib.media\/index.php?rest_route=\/wp\/v2\/media\/147926"}],"wp:attachment":[{"href":"https:\/\/www.aib.media\/index.php?rest_route=%2Fwp%2Fv2%2Fmedia&parent=147925"}],"wp:term":[{"taxonomy":"category","embeddable":true,"href":"https:\/\/www.aib.media\/index.php?rest_route=%2Fwp%2Fv2%2Fcategories&post=147925"},{"taxonomy":"post_tag","embeddable":true,"href":"https:\/\/www.aib.media\/index.php?rest_route=%2Fwp%2Fv2%2Ftags&post=147925"}],"curies":[{"name":"wp","href":"https:\/\/api.w.org\/{rel}","templated":true}]}}