{"id":147922,"date":"2026-04-30T10:18:54","date_gmt":"2026-04-30T10:18:54","guid":{"rendered":"https:\/\/www.aib.media\/?p=147922"},"modified":"2026-04-30T10:18:54","modified_gmt":"2026-04-30T10:18:54","slug":"kourittenga-securite-des-acteurs-locaux-en-concertation-pour-renforcer-la-securite-communale","status":"publish","type":"post","link":"https:\/\/www.aib.media\/?p=147922","title":{"rendered":"Kourittenga\/S\u00e9curit\u00e9 : Des acteurs locaux en concertation pour renforcer la s\u00e9curit\u00e9 communale"},"content":{"rendered":"<p>BURKINA-KOURITTENGA-POLICE-MUNICIPALE-HANNS SEIDEL<\/p>\n<p><strong>Kourittenga\/S\u00e9curit\u00e9 : Des acteurs locaux en concertation pour renforcer la s\u00e9curit\u00e9 communale<\/strong><\/p>\n<p><strong>Koup\u00e9la, 29 avr. 2026 (AIB)-Le premier vice-pr\u00e9sident de la d\u00e9l\u00e9gation sp\u00e9ciale de la commune de Koup\u00e9la, Fran\u00e7ois Xavier Nikiema, a ouvert, ce mercredi 29 avril 2026 \u00e0 Koup\u00e9la, un atelier d\u2019\u00e9changes entre policiers municipaux, autorit\u00e9s locales et repr\u00e9sentants d\u2019Organisations de la soci\u00e9t\u00e9 civile (OSC), sur la situation s\u00e9curitaire et la menace terroriste.<\/strong><\/p>\n<p>Initi\u00e9e par le minist\u00e8re de l\u2019Administration territoriale et de la mobilit\u00e9, \u00e0 travers la Direction du suivi et de la promotion des polices municipales (DSPPM), cette activit\u00e9 b\u00e9n\u00e9ficie de l\u2019appui de la Fondation Hanns Seidel.<\/p>\n<p>Cette session s\u2019inscrit dans une s\u00e9rie d\u2019activit\u00e9s au profit des polices municipales du Burkina Faso, sous le th\u00e8me : \u00ab Echanges entre policiers municipaux, autorit\u00e9s locales et repr\u00e9sentants d\u2019organisations de la soci\u00e9t\u00e9 civile sur la situation s\u00e9curitaire et la menace terroriste \u00bb.<\/p>\n<p>Durant deux jours, les participants \u00e9changeront, entre autres, sur les r\u00f4les et missions de la police municipale, les forces de s\u00e9curit\u00e9 int\u00e9rieure, les OSC, la communication sur la police de proximit\u00e9, ainsi que la ma\u00eetrise du traitement de l\u2019information en p\u00e9riode de crise par le citoyen.<\/p>\n<p>Pour la pr\u00e9sidente communale des femmes, Augustine Oubda, cette rencontre constitue une opportunit\u00e9 de dialogue direct avec les forces locales de s\u00e9curit\u00e9.<\/p>\n<p>\u00ab La population a peur d\u2019approcher la police municipale, pourtant celle-ci souhaite se rapprocher d\u2019elle. Souvent, c\u2019est l\u2019absence d\u2019\u00e9changes entre la population et la police municipale qui cr\u00e9e l\u2019incompr\u00e9hension\u00bb, a-t-elle d\u00e9clar\u00e9.<\/p>\n<p>Elle a indiqu\u00e9 qu\u2019avec le dialogue, \u00ab nous comprendrons que nous avons une mission commune : prot\u00e9ger la population. Nous devons accompagner la police pour la r\u00e9ussite de sa mission\u00bb.<\/p>\n<p>Selon le directeur du suivi et de la promotion des polices municipales, l\u2019inspecteur de police municipale Jean-Marie Ou\u00e9draogo, cette session vise \u00e0 renforcer les capacit\u00e9s des policiers municipaux dans la gestion de la s\u00e9curit\u00e9 urbaine, dans un contexte marqu\u00e9 par la recrudescence de l\u2019ins\u00e9curit\u00e9.<\/p>\n<p>\u00ab Il s\u2019agit de faire conna\u00eetre les missions de la police municipale, qui est une police de proximit\u00e9 par excellence. Elle est recrut\u00e9e dans la commune, y travaille et y fait sa carri\u00e8re. Elle est donc au service de la population \u00bb, a poursuivi M. Ou\u00e9draogo.<\/p>\n<p>Pour le directeur du suivi et de la promotion des polices municipales, le r\u00f4le de la police municipale est d\u2019assurer une synergie d\u2019action entre la population de Koup\u00e9la et sa police municipale.<\/p>\n<p>\u00ab Face \u00e0 la menace terroriste, c\u2019est ensemble que nous pourrons vaincre. Il est essentiel que l\u2019information s\u00e9curitaire remonte en temps r\u00e9el afin que les autorit\u00e9s puissent prendre des mesures appropri\u00e9es pour prot\u00e9ger les populations \u00bb, a expliqu\u00e9 Jean-Marie Ou\u00e9draogo.<\/p>\n<p>Le premier vice-pr\u00e9sident de la d\u00e9l\u00e9gation sp\u00e9ciale de la commune de Koup\u00e9la, Fran\u00e7ois Xavier Nikiema, a salu\u00e9 la tenue de cette rencontre dans un contexte s\u00e9curitaire difficile.<\/p>\n<p>\u00ab Les forces de s\u00e9curit\u00e9 doivent comprendre qu\u2019elles ne peuvent, \u00e0 elles seules, venir \u00e0 bout de l\u2019ins\u00e9curit\u00e9, tout comme la population ne le peut pas non plus. Le rapprochement et la collaboration doivent \u00eatre encourag\u00e9s \u00bb, a-t-il dit.<\/p>\n<p>A l\u2019en croire, certains citoyens restent m\u00e9fiants vis-\u00e0-vis des forces de s\u00e9curit\u00e9, per\u00e7ues comme uniquement r\u00e9pressives.<\/p>\n<p>\u00ab L\u2019un des grands d\u00e9fis est de changer cette image pour b\u00e2tir une police citoyenne, proche des populations et \u0153uvrant pour leur satisfaction. Je salue l\u2019appui de la Fondation Hanns Seidel, qui accompagne les collectivit\u00e9s territoriales dans cette dynamique \u00bb, a-t-il pr\u00e9cis\u00e9.<\/p>\n<p>A l\u2019issue de cette rencontre, un r\u00e9seau local de collaboration sera mis en place dans la commune de Koup\u00e9la, afin de renforcer la coproduction de la s\u00e9curit\u00e9.<\/p>\n<p><strong>Agence d\u2019information du Burkina<\/strong><\/p>\n<p><strong>AWS\/HB\/OO<\/strong><\/p>\n","protected":false},"excerpt":{"rendered":"<p>BURKINA-KOURITTENGA-POLICE-MUNICIPALE-HANNS SEIDEL Kourittenga\/S\u00e9curit\u00e9 : Des acteurs locaux en concertation pour renforcer la s\u00e9curit\u00e9 communale Koup\u00e9la, 29 avr. 2026 (AIB)-Le premier vice-pr\u00e9sident de la d\u00e9l\u00e9gation sp\u00e9ciale de la commune de Koup\u00e9la, Fran\u00e7ois Xavier Nikiema, a ouvert, ce mercredi 29 avril 2026 \u00e0 Koup\u00e9la, un atelier d\u2019\u00e9changes entre policiers municipaux, autorit\u00e9s locales et repr\u00e9sentants d\u2019Organisations de la [&hellip;]<\/p>\n","protected":false},"author":16,"featured_media":147923,"comment_status":"open","ping_status":"open","sticky":false,"template":"","format":"standard","meta":{"advanced_seo_description":"","jetpack_seo_html_title":"","jetpack_seo_noindex":false,"jetpack_post_was_ever_published":false,"footnotes":""},"categories":[45,173,80,93,105,203,38,40,36],"tags":[],"class_list":{"0":"post-147922","1":"post","2":"type-post","3":"status-publish","4":"format-standard","5":"has-post-thumbnail","7":"category-centre-est","8":"category-depeches","9":"category-dossiers","10":"category-flashinfos","11":"category-kouritenga","12":"category-la-une-aib","13":"category-politique","14":"category-regions","15":"category-societe"},"jetpack_featured_media_url":"https:\/\/i0.wp.com\/www.aib.media\/wp-content\/uploads\/2026\/04\/IMG-20260430-WA0076.jpg?fit=1600%2C720&ssl=1","jetpack_shortlink":"https:\/\/wp.me\/pavbHe-CtQ","_links":{"self":[{"href":"https:\/\/www.aib.media\/index.php?rest_route=\/wp\/v2\/posts\/147922","targetHints":{"allow":["GET"]}}],"collection":[{"href":"https:\/\/www.aib.media\/index.php?rest_route=\/wp\/v2\/posts"}],"about":[{"href":"https:\/\/www.aib.media\/index.php?rest_route=\/wp\/v2\/types\/post"}],"author":[{"embeddable":true,"href":"https:\/\/www.aib.media\/index.php?rest_route=\/wp\/v2\/users\/16"}],"replies":[{"embeddable":true,"href":"https:\/\/www.aib.media\/index.php?rest_route=%2Fwp%2Fv2%2Fcomments&post=147922"}],"version-history":[{"count":1,"href":"https:\/\/www.aib.media\/index.php?rest_route=\/wp\/v2\/posts\/147922\/revisions"}],"predecessor-version":[{"id":147924,"href":"https:\/\/www.aib.media\/index.php?rest_route=\/wp\/v2\/posts\/147922\/revisions\/147924"}],"wp:featuredmedia":[{"embeddable":true,"href":"https:\/\/www.aib.media\/index.php?rest_route=\/wp\/v2\/media\/147923"}],"wp:attachment":[{"href":"https:\/\/www.aib.media\/index.php?rest_route=%2Fwp%2Fv2%2Fmedia&parent=147922"}],"wp:term":[{"taxonomy":"category","embeddable":true,"href":"https:\/\/www.aib.media\/index.php?rest_route=%2Fwp%2Fv2%2Fcategories&post=147922"},{"taxonomy":"post_tag","embeddable":true,"href":"https:\/\/www.aib.media\/index.php?rest_route=%2Fwp%2Fv2%2Ftags&post=147922"}],"curies":[{"name":"wp","href":"https:\/\/api.w.org\/{rel}","templated":true}]}}