{"id":147915,"date":"2026-04-30T09:14:05","date_gmt":"2026-04-30T09:14:05","guid":{"rendered":"https:\/\/www.aib.media\/?p=147915"},"modified":"2026-04-30T09:14:05","modified_gmt":"2026-04-30T09:14:05","slug":"burkina-habitat-le-centre-dexcellence-de-lhabitat-trace-sa-feuille-de-route-apres-trois-jours-de-reflexion-a-ouagadougou","status":"publish","type":"post","link":"https:\/\/www.aib.media\/?p=147915","title":{"rendered":"Burkina\/Habitat: le Centre d\u2019Excellence de l\u2019Habitat trace sa feuille de route apr\u00e8s trois jours de r\u00e9flexion \u00e0 Ouagadougou"},"content":{"rendered":"<p><strong>Burkina\/Habitat: le Centre d\u2019Excellence de l\u2019Habitat trace sa feuille de route apr\u00e8s trois jours de r\u00e9flexion \u00e0 Ouagadougou<\/strong><\/p>\n<p><strong>Ouagadougou, 29 avr. 2026 (AIB) \u2013 Le s\u00e9minaire international de lancement des activit\u00e9s du Centre d\u2019Excellence de l\u2019Habitat (CEH), tenu du 27 au 29 avril \u00e0 Ouagadougou sous le th\u00e8me : \u00ab Ancrer le Centre d\u2019Excellence de l\u2019Habitat dans une dynamique institutionnelle, partenariale et territoriale durable \u00bb, s\u2019est achev\u00e9 mercredi par l\u2019installation de son nouveau directeur, Moussa Bougma, et l\u2019adoption de recommandations structurantes pour la feuille de route de l\u2019institution.<\/strong><\/p>\n<p>Organis\u00e9 par l\u2019Universit\u00e9 Joseph Ki-Zerbo (UJKZ), autour de plusieurs axes strat\u00e9giques, ce s\u00e9minaire a permis de formuler, selon le nouveau directeur du CEH, Moussa Bougma, des orientations en mati\u00e8re de renforcement des capacit\u00e9s, de production et de diffusion des donn\u00e9es, de recherche appliqu\u00e9e et d\u2019appui-conseil.<\/p>\n<p>Au titre du renforcement des capacit\u00e9s, les participants ont recommand\u00e9 le d\u00e9veloppement de formations adapt\u00e9es aux besoins des acteurs de l\u2019habitat, l\u2019int\u00e9gration de l\u2019interdisciplinarit\u00e9, ainsi que l\u2019\u00e9tablissement de partenariats avec les institutions de l\u2019espace UEMOA.<\/p>\n<p>La mise en place d\u2019un conseil consultatif des professionnels et la r\u00e9alisation d\u2019une cartographie des acteurs ont aussi \u00e9t\u00e9 pr\u00e9conis\u00e9es.<\/p>\n<p>Concernant la production des donn\u00e9es, il a \u00e9t\u00e9 sugg\u00e9r\u00e9 de positionner le CEH \u00e0 un niveau institutionnel \u00e9lev\u00e9 afin de faciliter l\u2019acc\u00e8s aux informations, de renforcer sa visibilit\u00e9 et de nouer des partenariats avec les structures de collecte.<\/p>\n<p>L\u2019am\u00e9lioration des outils d\u2019enqu\u00eate et la confidentialit\u00e9 des donn\u00e9es figurent \u00e9galement parmi les priorit\u00e9s.<\/p>\n<p>En mati\u00e8re de recherche, l\u2019accent a \u00e9t\u00e9 mis sur le d\u00e9veloppement de programmes pluridisciplinaires, la valorisation des r\u00e9sultats \u00e0 travers des formats adapt\u00e9s aux d\u00e9cideurs, et la promotion de la recherche participative.<\/p>\n<p>Les participants ont aussi recommand\u00e9 la cr\u00e9ation d\u2019un observatoire r\u00e9gional de l\u2019habitat et le renforcement de la coop\u00e9ration scientifique entre les pays membres de l\u2019UEMOA.<\/p>\n<p>S\u2019agissant de l\u2019appui-conseil, les recommandations ont port\u00e9 notamment sur le renforcement des activit\u00e9s de terrain, la structuration de r\u00e9seaux d\u2019acteurs locaux et l\u2019am\u00e9lioration de l\u2019utilisation des \u00e9tudes dans les processus d\u00e9cisionnels.<\/p>\n<p>\u00c0 la cl\u00f4ture, le directeur du CEH, Moussa Bougma, a salu\u00e9 la qualit\u00e9 des travaux, indiquant que ces recommandations formul\u00e9es serviront de base \u00e0 l&rsquo;\u00e9laboration un plan d\u2019action op\u00e9rationnel.<\/p>\n<p>Il a en outre soulign\u00e9 que la cr\u00e9ation du Centre r\u00e9pond \u00e0 la n\u00e9cessit\u00e9 d\u2019apporter des solutions concert\u00e9es aux d\u00e9fis li\u00e9s \u00e0 l\u2019urbanisation rapide dans les pays de l\u2019UEMOA.<\/p>\n<p>La responsable du suivi-\u00e9valuation du Centre d\u2019Excellence R\u00e9gional sur les Villes Durables en Afrique (CERViDA), Koko Zebeto, a pr\u00e9cis\u00e9 que ces orientations devraient permettre de promouvoir des logements abordables, accessibles et respectueux de l\u2019environnement, int\u00e9grant des mat\u00e9riaux \u00e9cologiques et assurant un meilleur confort thermique pour les populations.<\/p>\n<p>Le vice-pr\u00e9sident charg\u00e9 de la recherche et de la coop\u00e9ration universitaire (RCU) de l\u2019UJKZ, le Pr Adama Sanou, a r\u00e9affirm\u00e9 l\u2019engagement de l\u2019universit\u00e9 \u00e0 accompagner le CEH dans ses missions, en vue d\u2019une meilleure gestion des questions d\u2019habitat et d\u2019am\u00e9nagement du territoire dans la sous-r\u00e9gion.<\/p>\n<p style=\"text-align: right\"><strong>Agence d\u2019information du Burkina<\/strong><br \/>\n<strong>RAB\/bak<\/strong><\/p>\n","protected":false},"excerpt":{"rendered":"<p>Burkina\/Habitat: le Centre d\u2019Excellence de l\u2019Habitat trace sa feuille de route apr\u00e8s trois jours de r\u00e9flexion \u00e0 Ouagadougou Ouagadougou, 29 avr. 2026 (AIB) \u2013 Le s\u00e9minaire international de lancement des activit\u00e9s du Centre d\u2019Excellence de l\u2019Habitat (CEH), tenu du 27 au 29 avril \u00e0 Ouagadougou sous le th\u00e8me : \u00ab Ancrer le Centre d\u2019Excellence de [&hellip;]<\/p>\n","protected":false},"author":15,"featured_media":147916,"comment_status":"open","ping_status":"open","sticky":false,"template":"","format":"standard","meta":{"advanced_seo_description":"","jetpack_seo_html_title":"","jetpack_seo_noindex":false,"jetpack_post_was_ever_published":false,"footnotes":""},"categories":[173,93,102,203],"tags":[],"class_list":{"0":"post-147915","1":"post","2":"type-post","3":"status-publish","4":"format-standard","5":"has-post-thumbnail","7":"category-depeches","8":"category-flashinfos","9":"category-kadiogo","10":"category-la-une-aib"},"jetpack_featured_media_url":"https:\/\/i0.wp.com\/www.aib.media\/wp-content\/uploads\/2026\/04\/IMG-20260430-WA0007.jpg?fit=1600%2C925&ssl=1","jetpack_shortlink":"https:\/\/wp.me\/pavbHe-CtJ","_links":{"self":[{"href":"https:\/\/www.aib.media\/index.php?rest_route=\/wp\/v2\/posts\/147915","targetHints":{"allow":["GET"]}}],"collection":[{"href":"https:\/\/www.aib.media\/index.php?rest_route=\/wp\/v2\/posts"}],"about":[{"href":"https:\/\/www.aib.media\/index.php?rest_route=\/wp\/v2\/types\/post"}],"author":[{"embeddable":true,"href":"https:\/\/www.aib.media\/index.php?rest_route=\/wp\/v2\/users\/15"}],"replies":[{"embeddable":true,"href":"https:\/\/www.aib.media\/index.php?rest_route=%2Fwp%2Fv2%2Fcomments&post=147915"}],"version-history":[{"count":1,"href":"https:\/\/www.aib.media\/index.php?rest_route=\/wp\/v2\/posts\/147915\/revisions"}],"predecessor-version":[{"id":147917,"href":"https:\/\/www.aib.media\/index.php?rest_route=\/wp\/v2\/posts\/147915\/revisions\/147917"}],"wp:featuredmedia":[{"embeddable":true,"href":"https:\/\/www.aib.media\/index.php?rest_route=\/wp\/v2\/media\/147916"}],"wp:attachment":[{"href":"https:\/\/www.aib.media\/index.php?rest_route=%2Fwp%2Fv2%2Fmedia&parent=147915"}],"wp:term":[{"taxonomy":"category","embeddable":true,"href":"https:\/\/www.aib.media\/index.php?rest_route=%2Fwp%2Fv2%2Fcategories&post=147915"},{"taxonomy":"post_tag","embeddable":true,"href":"https:\/\/www.aib.media\/index.php?rest_route=%2Fwp%2Fv2%2Ftags&post=147915"}],"curies":[{"name":"wp","href":"https:\/\/api.w.org\/{rel}","templated":true}]}}