{"id":147907,"date":"2026-04-30T00:09:52","date_gmt":"2026-04-30T00:09:52","guid":{"rendered":"https:\/\/www.aib.media\/?p=147907"},"modified":"2026-04-30T00:09:52","modified_gmt":"2026-04-30T00:09:52","slug":"snc-bobo-2026-les-exposants-de-laes-invites-a-mutualiser-les-initiatives-pour-valoriser-le-marche-confederal","status":"publish","type":"post","link":"https:\/\/www.aib.media\/?p=147907","title":{"rendered":"SNC Bobo 2026 : Les exposants de l\u2019AES invit\u00e9s \u00e0 mutualiser les initiatives pour valoriser le march\u00e9 conf\u00e9d\u00e9ral"},"content":{"rendered":"<p><strong>SNC Bobo 2026 : Les exposants de l\u2019AES invit\u00e9s \u00e0 mutualiser les initiatives pour valoriser le march\u00e9 conf\u00e9d\u00e9ral <\/strong><\/p>\n<p><strong>Bobo-Dioulasso, 28 avr. 2026 (AIB) \u2013 Le ministre en charge de la Culture, Gilbert Ou\u00e9draogo, a appel\u00e9 mardi \u00e0 Bobo-Dioulasso, les exposants de l\u2019espace de l\u2019Alliance des Etats du Sahel (AES) pr\u00e9sents \u00e0 la Semaine nationale de la culture (SNC) \u00e0 int\u00e9grer l\u2019esprit conf\u00e9d\u00e9ral en mutualisant leurs initiatives, afin de valoriser le march\u00e9 communautaire et promouvoir le savoir-faire local \u00e0 l\u2019international.<\/strong><\/p>\n<p><iframe loading=\"lazy\" title=\"MMMCCAT\" width=\"696\" height=\"392\" src=\"https:\/\/www.youtube.com\/embed\/0JuLbMFLch8?feature=oembed\" frameborder=\"0\" allow=\"accelerometer; autoplay; clipboard-write; encrypted-media; gyroscope; picture-in-picture; web-share\" referrerpolicy=\"strict-origin-when-cross-origin\" allowfullscreen><\/iframe><\/p>\n","protected":false},"excerpt":{"rendered":"<p>SNC Bobo 2026 : Les exposants de l\u2019AES invit\u00e9s \u00e0 mutualiser les initiatives pour valoriser le march\u00e9 conf\u00e9d\u00e9ral Bobo-Dioulasso, 28 avr. 2026 (AIB) \u2013 Le ministre en charge de la Culture, Gilbert Ou\u00e9draogo, a appel\u00e9 mardi \u00e0 Bobo-Dioulasso, les exposants de l\u2019espace de l\u2019Alliance des Etats du Sahel (AES) pr\u00e9sents \u00e0 la Semaine nationale de [&hellip;]<\/p>\n","protected":false},"author":15,"featured_media":147908,"comment_status":"open","ping_status":"open","sticky":false,"template":"","format":"video","meta":{"advanced_seo_description":"","jetpack_seo_html_title":"","jetpack_seo_noindex":false,"jetpack_post_was_ever_published":false,"footnotes":""},"categories":[65,85],"tags":[],"class_list":{"0":"post-147907","1":"post","2":"type-post","3":"status-publish","4":"format-video","5":"has-post-thumbnail","7":"category-snc","8":"category-video","9":"post_format-post-format-video"},"jetpack_featured_media_url":"https:\/\/i0.wp.com\/www.aib.media\/wp-content\/uploads\/2026\/04\/V2-2.png?fit=901%2C472&ssl=1","jetpack_shortlink":"https:\/\/wp.me\/pavbHe-CtB","_links":{"self":[{"href":"https:\/\/www.aib.media\/index.php?rest_route=\/wp\/v2\/posts\/147907","targetHints":{"allow":["GET"]}}],"collection":[{"href":"https:\/\/www.aib.media\/index.php?rest_route=\/wp\/v2\/posts"}],"about":[{"href":"https:\/\/www.aib.media\/index.php?rest_route=\/wp\/v2\/types\/post"}],"author":[{"embeddable":true,"href":"https:\/\/www.aib.media\/index.php?rest_route=\/wp\/v2\/users\/15"}],"replies":[{"embeddable":true,"href":"https:\/\/www.aib.media\/index.php?rest_route=%2Fwp%2Fv2%2Fcomments&post=147907"}],"version-history":[{"count":1,"href":"https:\/\/www.aib.media\/index.php?rest_route=\/wp\/v2\/posts\/147907\/revisions"}],"predecessor-version":[{"id":147909,"href":"https:\/\/www.aib.media\/index.php?rest_route=\/wp\/v2\/posts\/147907\/revisions\/147909"}],"wp:featuredmedia":[{"embeddable":true,"href":"https:\/\/www.aib.media\/index.php?rest_route=\/wp\/v2\/media\/147908"}],"wp:attachment":[{"href":"https:\/\/www.aib.media\/index.php?rest_route=%2Fwp%2Fv2%2Fmedia&parent=147907"}],"wp:term":[{"taxonomy":"category","embeddable":true,"href":"https:\/\/www.aib.media\/index.php?rest_route=%2Fwp%2Fv2%2Fcategories&post=147907"},{"taxonomy":"post_tag","embeddable":true,"href":"https:\/\/www.aib.media\/index.php?rest_route=%2Fwp%2Fv2%2Ftags&post=147907"}],"curies":[{"name":"wp","href":"https:\/\/api.w.org\/{rel}","templated":true}]}}