{"id":147893,"date":"2026-04-29T20:28:34","date_gmt":"2026-04-29T20:28:34","guid":{"rendered":"https:\/\/www.aib.media\/?p=147893"},"modified":"2026-04-29T20:28:34","modified_gmt":"2026-04-29T20:28:34","slug":"plaine-rizicole-de-bama-le-premier-ministre-encourage-les-producteurs","status":"publish","type":"post","link":"https:\/\/www.aib.media\/?p=147893","title":{"rendered":"Plaine rizicole de Bama : le Premier ministre encourage les producteurs"},"content":{"rendered":"<p><strong>Plaine rizicole de Bama : le Premier ministre encourage les producteurs<\/strong><\/p>\n<p><strong>De retour de sa visite \u00e0 l\u2019Agropole de Samand\u00e9ni, ce mercredi 29 avril 2026, le Premier ministre, Chef du Gouvernement, Rimtalba Jean Emmanuel Ou\u00e9draogo, a marqu\u00e9 un arr\u00eat inopin\u00e9 dans la plaine rizicole de Bama. Cette halte lui a permis d\u2019encourager les producteurs et les techniciens agricoles engag\u00e9s sur ce site de production.<\/strong><\/p>\n<p>Accueillis par les responsables provinciaux et r\u00e9gionaux du minist\u00e8re en charge de l\u2019Agriculture, ainsi que par les membres des coop\u00e9ratives de producteurs, le Chef du Gouvernement et sa d\u00e9l\u00e9gation ont sillonn\u00e9 une partie des 1 260 hectares am\u00e9nag\u00e9s de la plaine. Les \u00e9changes ont port\u00e9 sur plusieurs sujets d\u2019int\u00e9r\u00eat, notamment le niveau d\u2019ex\u00e9cution de la campagne s\u00e8che, la ma\u00eetrise de l\u2019eau, l\u2019organisation de la production et les rendements attendus.<\/p>\n<p>Selon le Directeur r\u00e9gional du minist\u00e8re en charge de l\u2019Agriculture, \u00c9ric Pascal Adanabou, la plaine est exploit\u00e9e par plus de 150 producteurs organis\u00e9s en plusieurs coop\u00e9ratives et disposant d\u2019unit\u00e9s de transformation.<\/p>\n<p>\u00ab Nous avons \u00e9t\u00e9 instruits par notre ministre de tutelle de produire pendant toutes les saisons, en campagne s\u00e8che comme en campagne hivernale. Nous sommes \u00e0 notre troisi\u00e8me production de l\u2019ann\u00e9e. Lors de la premi\u00e8re production, nous avons cultiv\u00e9 du riz ; \u00e0 la deuxi\u00e8me, c\u2019\u00e9tait du bl\u00e9 ; et pour cette troisi\u00e8me production, nous produisons \u00e0 nouveau du riz. Nous produisons deux vari\u00e9t\u00e9s de riz : TS2 et Orylux. Pour cette campagne s\u00e8che, 230 hectares sont exploit\u00e9s pour la culture du riz, avec un rendement de 6 tonnes \u00e0 l\u2019hectare \u00bb, a-t-il expliqu\u00e9.<\/p>\n<p>Le Premier ministre a salu\u00e9 la r\u00e9silience des producteurs de Bama, dont les efforts contribuent \u00e0 l\u2019approvisionnement du march\u00e9 national en riz. Il a \u00e9galement f\u00e9licit\u00e9 les agents du minist\u00e8re en charge de l\u2019Agriculture pour les r\u00e9sultats engrang\u00e9s sur le terrain.<\/p>\n<p>Avant de quitter les lieux, le Chef du Gouvernement a invit\u00e9 les encadreurs \u00e0 renforcer leur proximit\u00e9 avec les producteurs, en vue d\u2019une mise en \u0153uvre efficace de l\u2019Offensive agricole. Il a r\u00e9affirm\u00e9 que l\u2019agriculture demeure un front essentiel dans la lutte pour l\u2019ind\u00e9pendance r\u00e9elle du pays.<\/p>\n<p>Cette halte traduit la volont\u00e9 des autorit\u00e9s d\u2019\u00eatre au plus pr\u00e8s des acteurs du secteur agricole, afin d\u2019acc\u00e9l\u00e9rer la marche du Burkina Faso vers l\u2019autosuffisance alimentaire.<\/p>\n<p style=\"text-align: right\"><strong>DCRP\/Primature<\/strong><\/p>\n","protected":false},"excerpt":{"rendered":"<p>Plaine rizicole de Bama : le Premier ministre encourage les producteurs De retour de sa visite \u00e0 l\u2019Agropole de Samand\u00e9ni, ce mercredi 29 avril 2026, le Premier ministre, Chef du Gouvernement, Rimtalba Jean Emmanuel Ou\u00e9draogo, a marqu\u00e9 un arr\u00eat inopin\u00e9 dans la plaine rizicole de Bama. Cette halte lui a permis d\u2019encourager les producteurs et [&hellip;]<\/p>\n","protected":false},"author":21,"featured_media":147894,"comment_status":"open","ping_status":"open","sticky":false,"template":"","format":"standard","meta":{"advanced_seo_description":"","jetpack_seo_html_title":"","jetpack_seo_noindex":false,"jetpack_post_was_ever_published":false,"footnotes":""},"categories":[173,789,93,50,121,203,36],"tags":[],"class_list":{"0":"post-147893","1":"post","2":"type-post","3":"status-publish","4":"format-standard","5":"has-post-thumbnail","7":"category-depeches","8":"category-developpement","9":"category-flashinfos","10":"category-haut-bassins","11":"category-houet","12":"category-la-une-aib","13":"category-societe"},"jetpack_featured_media_url":"https:\/\/i0.wp.com\/www.aib.media\/wp-content\/uploads\/2026\/04\/IMG-20260429-WA0028.jpg?fit=2560%2C1684&ssl=1","jetpack_shortlink":"https:\/\/wp.me\/pavbHe-Ctn","_links":{"self":[{"href":"https:\/\/www.aib.media\/index.php?rest_route=\/wp\/v2\/posts\/147893","targetHints":{"allow":["GET"]}}],"collection":[{"href":"https:\/\/www.aib.media\/index.php?rest_route=\/wp\/v2\/posts"}],"about":[{"href":"https:\/\/www.aib.media\/index.php?rest_route=\/wp\/v2\/types\/post"}],"author":[{"embeddable":true,"href":"https:\/\/www.aib.media\/index.php?rest_route=\/wp\/v2\/users\/21"}],"replies":[{"embeddable":true,"href":"https:\/\/www.aib.media\/index.php?rest_route=%2Fwp%2Fv2%2Fcomments&post=147893"}],"version-history":[{"count":1,"href":"https:\/\/www.aib.media\/index.php?rest_route=\/wp\/v2\/posts\/147893\/revisions"}],"predecessor-version":[{"id":147895,"href":"https:\/\/www.aib.media\/index.php?rest_route=\/wp\/v2\/posts\/147893\/revisions\/147895"}],"wp:featuredmedia":[{"embeddable":true,"href":"https:\/\/www.aib.media\/index.php?rest_route=\/wp\/v2\/media\/147894"}],"wp:attachment":[{"href":"https:\/\/www.aib.media\/index.php?rest_route=%2Fwp%2Fv2%2Fmedia&parent=147893"}],"wp:term":[{"taxonomy":"category","embeddable":true,"href":"https:\/\/www.aib.media\/index.php?rest_route=%2Fwp%2Fv2%2Fcategories&post=147893"},{"taxonomy":"post_tag","embeddable":true,"href":"https:\/\/www.aib.media\/index.php?rest_route=%2Fwp%2Fv2%2Ftags&post=147893"}],"curies":[{"name":"wp","href":"https:\/\/api.w.org\/{rel}","templated":true}]}}