{"id":147876,"date":"2026-04-29T18:26:05","date_gmt":"2026-04-29T18:26:05","guid":{"rendered":"https:\/\/www.aib.media\/?p=147876"},"modified":"2026-04-29T18:26:05","modified_gmt":"2026-04-29T18:26:05","slug":"le-reso-aes-condamne-les-attaques-terroristes-perpetrees-contre-le-mali-et-appelle-les-peuples-de-lespace-confederal-a-lunite","status":"publish","type":"post","link":"https:\/\/www.aib.media\/?p=147876","title":{"rendered":"Le RESO-AES condamne les attaques terroristes perp\u00e9tr\u00e9es contre le Mali et appelle les peuples de l\u2019espace conf\u00e9d\u00e9ral \u00e0 l\u2019unit\u00e9"},"content":{"rendered":"<p><strong>Le RESO-AES condamne les attaques terroristes perp\u00e9tr\u00e9es contre le Mali et appelle les peuples de l\u2019espace conf\u00e9d\u00e9ral \u00e0 l\u2019unit\u00e9<\/strong><\/p>\n<p><strong>Ouagadougou, 29 avr. 2026 (AIB)-Le R\u00e9seau strat\u00e9gique des observateurs de la Conf\u00e9d\u00e9ration AES (RESO-AES) a condamn\u00e9, dans un communiqu\u00e9 \u00e0 l\u2019issue d\u2019une session d\u2019urgence tenue en ligne le 27 avril 2026, les attaques terroristes simultan\u00e9es perp\u00e9tr\u00e9es contre la R\u00e9publique du Mali le 25 avril dernier, ainsi que l\u2019assassinat du ministre d\u2019\u00c9tat, le g\u00e9n\u00e9ral de corps d\u2019arm\u00e9e Sadio Camara. Il a, dans le m\u00eame temps, appel\u00e9 les peuples de la Conf\u00e9d\u00e9ration \u00e0 l\u2019unit\u00e9, \u00e0 la lucidit\u00e9, \u00e0 la discipline informationnelle et \u00e0 la r\u00e9silience.<\/strong><\/p>\n<p>La teneur du communiqu\u00e9 relatif \u00e0 ces attaques terroristes barbares ayant vis\u00e9 plusieurs zones de l\u2019espace AES, notamment au Mali, a \u00e9t\u00e9 pr\u00e9sent\u00e9e \u00e0 la presse ce mercredi 29 avril 2026 \u00e0 Ouagadougou par le RESO-AES, section Burkina Faso.<\/p>\n<p>\u00ab Le sacrifice du g\u00e9n\u00e9ral de corps d\u2019arm\u00e9e Sadio Camara et des autres victimes ne doit pas \u00eatre vain. Il oblige \u00e0 renforcer la coh\u00e9sion de nos peuples, \u00e0 \u00e9lever notre niveau d\u2019organisation et \u00e0 consolider, avec davantage de d\u00e9termination encore, le projet de souverainet\u00e9 et de s\u00e9curit\u00e9 port\u00e9 par l\u2019AES \u00bb, a d\u00e9clar\u00e9 le coordonnateur pays du RESO-AES, section Burkina Faso, Lian-wou\u00e9 Imhotep Bayala.<\/p>\n<p>Le r\u00e9seau d\u00e9nonce des actes d\u2019une barbarie inacceptable, marqu\u00e9s notamment par le ciblage d\u2019une r\u00e9sidence priv\u00e9e et des atteintes \u00e0 des civils, en violation des principes du droit international humanitaire.<\/p>\n<p>Il souligne que ces attaques traduisent une \u00e9volution pr\u00e9occupante du mode op\u00e9ratoire des terroristes, d\u00e9sormais orient\u00e9 vers le ciblage des responsables politiques et militaires de l\u2019AES dans leur sph\u00e8re priv\u00e9e.<\/p>\n<p>Selon le RESO-AES, cette strat\u00e9gie vise \u00e0 personnaliser la peur, fragiliser la cha\u00eene de commandement, provoquer un choc psychologique au sein des populations et d\u00e9l\u00e9gitimer l\u2019\u00c9tat.<\/p>\n<p>Le r\u00e9seau y voit une tentative de d\u00e9capitation politique et symbolique destin\u00e9e \u00e0 affaiblir la r\u00e9silience des \u00c9tats de l\u2019AES et la confiance des citoyens.<\/p>\n<p>Face \u00e0 cette situation, le RESO-AES appelle \u00e0 un renforcement urgent des capacit\u00e9s de renseignement, de contre-infiltration et d\u2019anticipation.<\/p>\n<p>Il recommande \u00e9galement une r\u00e9vision de la doctrine de protection des hautes personnalit\u00e9s, int\u00e9grant d\u00e9sormais leurs domiciles et environnements familiaux, ainsi qu\u2019un renforcement de la coordination conf\u00e9d\u00e9rale en mati\u00e8re de partage du renseignement.<\/p>\n<p>Le r\u00e9seau insiste en outre sur la n\u00e9cessit\u00e9 de consolider la continuit\u00e9 de l\u2019\u00c9tat et de renforcer une communication officielle rapide, proactive et coh\u00e9rente, afin de contrer les effets de la guerre psychologique et informationnelle men\u00e9e par les groupes terroristes.<\/p>\n<p>\u00c0 l\u2019endroit des populations, le RESO-AES appelle \u00e0 la vigilance citoyenne, \u00e0 la remont\u00e9e d\u2019informations fiables, au rejet des rumeurs et \u00e0 la pr\u00e9servation de la coh\u00e9sion sociale.<\/p>\n<p>Il exhorte \u00e9galement les institutions r\u00e9gionales et internationales \u00e0 une mobilisation accrue contre toutes les formes de soutien ou de banalisation du terrorisme.<\/p>\n<p>Le RESO-AES a r\u00e9affirm\u00e9 sa volont\u00e9 d\u2019assumer pleinement son r\u00f4le de cadre d\u2019analyse strat\u00e9gique, de relais de mobilisation citoyenne et de force de proposition. Il s\u2019engage \u00e0 renforcer sa structuration et \u00e0 contribuer activement \u00e0 la bataille informationnelle.<\/p>\n<p>Le r\u00e9seau a \u00e9galement appel\u00e9 \u00e0 l\u2019unit\u00e9, \u00e0 la lucidit\u00e9 et \u00e0 la r\u00e9silience des peuples de l\u2019AES, estimant que la gravit\u00e9 de la situation exige une r\u00e9ponse globale, \u00e0 la fois s\u00e9curitaire, politique et communicationnelle.<\/p>\n<p>Selon le coordonnateur pays du RESO-AES, section Burkina Faso, Lian-wou\u00e9 Imhotep Bayala, le RESO-AES est compos\u00e9 d\u2019acteurs institutionnels et citoyens.<\/p>\n<p>Il a pr\u00e9cis\u00e9 que ce m\u00eame communiqu\u00e9 sera pr\u00e9sent\u00e9 \u00e0 la presse malienne et nig\u00e9rienne par les sections du RESO-AES au Mali et au Niger.<\/p>\n<p>Le r\u00e9seau a aussi exprim\u00e9 sa solidarit\u00e9 \u00e0 l\u2019endroit des victimes et des peuples de la Conf\u00e9d\u00e9ration AES. Il s\u2019est inclin\u00e9 devant la m\u00e9moire du g\u00e9n\u00e9ral Sadio Camara, tout en adressant ses condol\u00e9ances \u00e0 sa famille, au peuple malien et \u00e0 l\u2019ensemble des populations touch\u00e9es.<\/p>\n<p style=\"text-align: right\"><strong>Agence d\u2019information du Burkina<\/strong><br \/>\n<strong>BAK\/ata<\/strong><\/p>\n","protected":false},"excerpt":{"rendered":"<p>Le RESO-AES condamne les attaques terroristes perp\u00e9tr\u00e9es contre le Mali et appelle les peuples de l\u2019espace conf\u00e9d\u00e9ral \u00e0 l\u2019unit\u00e9 Ouagadougou, 29 avr. 2026 (AIB)-Le R\u00e9seau strat\u00e9gique des observateurs de la Conf\u00e9d\u00e9ration AES (RESO-AES) a condamn\u00e9, dans un communiqu\u00e9 \u00e0 l\u2019issue d\u2019une session d\u2019urgence tenue en ligne le 27 avril 2026, les attaques terroristes simultan\u00e9es perp\u00e9tr\u00e9es [&hellip;]<\/p>\n","protected":false},"author":21,"featured_media":147877,"comment_status":"open","ping_status":"open","sticky":false,"template":"","format":"standard","meta":{"advanced_seo_description":"","jetpack_seo_html_title":"","jetpack_seo_noindex":false,"jetpack_post_was_ever_published":false,"footnotes":""},"categories":[792,42,173,789,93,102,203,786,36],"tags":[],"class_list":{"0":"post-147876","1":"post","2":"type-post","3":"status-publish","4":"format-standard","5":"has-post-thumbnail","7":"category-a-e-s","8":"category-centre","9":"category-depeches","10":"category-developpement","11":"category-flashinfos","12":"category-kadiogo","13":"category-la-une-aib","14":"category-securite","15":"category-societe"},"jetpack_featured_media_url":"https:\/\/i0.wp.com\/www.aib.media\/wp-content\/uploads\/2026\/04\/7-8.jpeg?fit=2560%2C1440&ssl=1","jetpack_shortlink":"https:\/\/wp.me\/pavbHe-Ct6","_links":{"self":[{"href":"https:\/\/www.aib.media\/index.php?rest_route=\/wp\/v2\/posts\/147876","targetHints":{"allow":["GET"]}}],"collection":[{"href":"https:\/\/www.aib.media\/index.php?rest_route=\/wp\/v2\/posts"}],"about":[{"href":"https:\/\/www.aib.media\/index.php?rest_route=\/wp\/v2\/types\/post"}],"author":[{"embeddable":true,"href":"https:\/\/www.aib.media\/index.php?rest_route=\/wp\/v2\/users\/21"}],"replies":[{"embeddable":true,"href":"https:\/\/www.aib.media\/index.php?rest_route=%2Fwp%2Fv2%2Fcomments&post=147876"}],"version-history":[{"count":1,"href":"https:\/\/www.aib.media\/index.php?rest_route=\/wp\/v2\/posts\/147876\/revisions"}],"predecessor-version":[{"id":147878,"href":"https:\/\/www.aib.media\/index.php?rest_route=\/wp\/v2\/posts\/147876\/revisions\/147878"}],"wp:featuredmedia":[{"embeddable":true,"href":"https:\/\/www.aib.media\/index.php?rest_route=\/wp\/v2\/media\/147877"}],"wp:attachment":[{"href":"https:\/\/www.aib.media\/index.php?rest_route=%2Fwp%2Fv2%2Fmedia&parent=147876"}],"wp:term":[{"taxonomy":"category","embeddable":true,"href":"https:\/\/www.aib.media\/index.php?rest_route=%2Fwp%2Fv2%2Fcategories&post=147876"},{"taxonomy":"post_tag","embeddable":true,"href":"https:\/\/www.aib.media\/index.php?rest_route=%2Fwp%2Fv2%2Ftags&post=147876"}],"curies":[{"name":"wp","href":"https:\/\/api.w.org\/{rel}","templated":true}]}}