{"id":147870,"date":"2026-04-29T14:48:53","date_gmt":"2026-04-29T14:48:53","guid":{"rendered":"https:\/\/www.aib.media\/?p=147870"},"modified":"2026-04-29T14:48:53","modified_gmt":"2026-04-29T14:48:53","slug":"snc-2026-le-rejser-bf-sensibilise-sur-le-port-du-casque","status":"publish","type":"post","link":"https:\/\/www.aib.media\/?p=147870","title":{"rendered":"SNC 2026: le ReJSER-BF sensibilise sur le port du casque"},"content":{"rendered":"<p>BURKINA-SECURITE-ROUTIERE-SENSIBILISATION-SNC2026<\/p>\n<p><strong>SNC 2026: le ReJSER-BF sensibilise sur le port du casque<\/strong><\/p>\n<p><strong>Bobo-Dioulasso, 29 avr. 2026 (AIB)-A la faveur de la 22e \u00e9dition de la Semaine nationale de la culture, le R\u00e9seau des journalistes et communicateurs pour la promotion de la s\u00e9curit\u00e9 routi\u00e8re du Burkina Faso (ReJSER-BF) a organis\u00e9 le mardi 28 avril \u00e0 Bobo-Dioulasso, une caravane de sensibilisation sur le port du casque, a constat\u00e9 l&rsquo;AIB sur place.<\/strong><\/p>\n<p>La caravane a parcouru pr\u00e8s de 4 kilom\u00e8tres de route aux environs de la Maison de la culture, avec les \u00e9tudiants de l&rsquo;Universit\u00e9 Nazi Boni et des jeunes de la ville de Sya, \u00e0 moto, portant chacun son casque, pour se faire entendre. C&rsquo;est la voiture de l&rsquo;Office national de la s\u00e9curit\u00e9 routi\u00e8re qui a servi de locomotive.<\/p>\n<p>\u00ab\u00a0Le port du casque est obligatoire pour tout citoyen lamda. \u00c7a permet de prot\u00e9ger la t\u00eate contre les diff\u00e9rents chocs. Cette activit\u00e9 aura un impact \u00e0 notre niveau. Nous allons sensiliser nos camarades sur le port du casque\u00a0\u00bb, s&rsquo;est exprim\u00e9 l&rsquo;\u00e9tudiant Aboubacar Guitti, apr\u00e8s la caravane.<\/p>\n<p>Pour le pr\u00e9sident du ReJSER-BF Marcus Kouaman, \u00ab\u00a0nous sommes l\u00e0 pour la Semaine nationale de la culture qui draine du monde. On s&rsquo;est dit que c&rsquo;est une occasion pour nous d&rsquo;organiser une activit\u00e9 de sensibilisation sur le port du casque avec pour th\u00e9matique, Mon casque, ma vie. On a pu rassembler un certain nombre d&rsquo;acteurs, surtout la frange jeune, pour inviter les uns et les autres \u00e0 toujours porter le casque parce que le casque est tr\u00e8s important pour la vie\u00a0\u00bb.<\/p>\n<p>\u00ab\u00a0On a \u00e9t\u00e9 satisfait de la grande mobilisation avec la participation des autorit\u00e9s ainsi que les jeunes. Le message est bien pass\u00e9 avec l&rsquo;appui de l&rsquo;ONASER et la Brigade des jeunes volontaires\u00a0\u00bb, a-t-il ajout\u00e9.<\/p>\n<p>Le repr\u00e9sentant du chef de Canton Bobo Mandar\u00e8 a remerci\u00e9 les organisateurs et a reconnu que \u00ab\u00a0ce geste va sauver nos enfants\u00a0\u00bb.<\/p>\n<p>Le commandant de la 2e r\u00e9gion militaire Lassan\u00e9 Porgo qui \u00e9tait pr\u00e9sent, a \u00e9t\u00e9, on ne peut plus clair: \u00ab\u00a0on ne doit pas prendre la route sans le casque. A 6000F, on peut aujourd&rsquo;hui avoir un casque. Il n&rsquo;y a plus de raison d&rsquo;accuser le co\u00fbt du casque pour ne pas l&rsquo;acheter. Celui qui dit qu&rsquo;il est R\u00e9volutionnaire, respectant l&rsquo;ordre et la discipline et qui ne porte pas de casque, n&rsquo;est pas un R\u00e9volutionnaire. Il faut porter le casque avant que la Brigade Labal ne t&rsquo;oblige \u00e0 le faire\u00a0\u00bb.<\/p>\n<p>La directrice de la s\u00e9curit\u00e9 routi\u00e8re madame Sam\u00e9 Yam\u00e9ogo Boudnooma qui s&rsquo;est entretenu avec les jeunes a indiqu\u00e9 que \u00ab\u00a0pour construire le pays, il faut une jeunesse responsable. Nous vous invitons \u00e0 \u00eatre des mod\u00e8les\u00a0\u00bb.<\/p>\n<p>L&rsquo;activit\u00e9 plac\u00e9e sous le th\u00e8me \u00ab\u00a0SNC 2026: mon casque, ma vie\u00a0\u00bb, a \u00e9t\u00e9 patron\u00e9e par le ministre de la communication, de la culture, des arts et du tourisme, Gilbert Ou\u00e9draogo, sous le parrainage du ministre de l&rsquo;\u00e9nergie, des mines et des carri\u00e8res Yacouba Zabr\u00e9 Gouba et du co-parrainage du Commandant de la 2e r\u00e9gion militaire, le Lieutenant-Colonel Lassan\u00e9 Porgo.<\/p>\n<p>Le ReJSER cr\u00e9\u00e9 le 15 mars 2015, rassemble les journalistes et communicateurs qui ont en partage la promotion de la s\u00e9curit\u00e9 routi\u00e8re, notamment le port du casque, le port de la ceinture, l&rsquo;exc\u00e8s de vitesse, etc.<\/p>\n<p style=\"text-align: right\">\n<strong>Agence d&rsquo;information du Burkina<\/strong><br \/>\n<strong>As\/ata<\/strong><\/p>\n","protected":false},"excerpt":{"rendered":"<p>BURKINA-SECURITE-ROUTIERE-SENSIBILISATION-SNC2026 SNC 2026: le ReJSER-BF sensibilise sur le port du casque Bobo-Dioulasso, 29 avr. 2026 (AIB)-A la faveur de la 22e \u00e9dition de la Semaine nationale de la culture, le R\u00e9seau des journalistes et communicateurs pour la promotion de la s\u00e9curit\u00e9 routi\u00e8re du Burkina Faso (ReJSER-BF) a organis\u00e9 le mardi 28 avril \u00e0 Bobo-Dioulasso, une [&hellip;]<\/p>\n","protected":false},"author":21,"featured_media":147871,"comment_status":"open","ping_status":"open","sticky":false,"template":"","format":"standard","meta":{"advanced_seo_description":"","jetpack_seo_html_title":"","jetpack_seo_noindex":false,"jetpack_post_was_ever_published":false,"footnotes":""},"categories":[60,173,789,93,50,121,203,786,36],"tags":[],"class_list":{"0":"post-147870","1":"post","2":"type-post","3":"status-publish","4":"format-standard","5":"has-post-thumbnail","7":"category-culture","8":"category-depeches","9":"category-developpement","10":"category-flashinfos","11":"category-haut-bassins","12":"category-houet","13":"category-la-une-aib","14":"category-securite","15":"category-societe"},"jetpack_featured_media_url":"https:\/\/i0.wp.com\/www.aib.media\/wp-content\/uploads\/2026\/04\/1-89.jpeg?fit=1080%2C810&ssl=1","jetpack_shortlink":"https:\/\/wp.me\/pavbHe-Ct0","_links":{"self":[{"href":"https:\/\/www.aib.media\/index.php?rest_route=\/wp\/v2\/posts\/147870","targetHints":{"allow":["GET"]}}],"collection":[{"href":"https:\/\/www.aib.media\/index.php?rest_route=\/wp\/v2\/posts"}],"about":[{"href":"https:\/\/www.aib.media\/index.php?rest_route=\/wp\/v2\/types\/post"}],"author":[{"embeddable":true,"href":"https:\/\/www.aib.media\/index.php?rest_route=\/wp\/v2\/users\/21"}],"replies":[{"embeddable":true,"href":"https:\/\/www.aib.media\/index.php?rest_route=%2Fwp%2Fv2%2Fcomments&post=147870"}],"version-history":[{"count":1,"href":"https:\/\/www.aib.media\/index.php?rest_route=\/wp\/v2\/posts\/147870\/revisions"}],"predecessor-version":[{"id":147872,"href":"https:\/\/www.aib.media\/index.php?rest_route=\/wp\/v2\/posts\/147870\/revisions\/147872"}],"wp:featuredmedia":[{"embeddable":true,"href":"https:\/\/www.aib.media\/index.php?rest_route=\/wp\/v2\/media\/147871"}],"wp:attachment":[{"href":"https:\/\/www.aib.media\/index.php?rest_route=%2Fwp%2Fv2%2Fmedia&parent=147870"}],"wp:term":[{"taxonomy":"category","embeddable":true,"href":"https:\/\/www.aib.media\/index.php?rest_route=%2Fwp%2Fv2%2Fcategories&post=147870"},{"taxonomy":"post_tag","embeddable":true,"href":"https:\/\/www.aib.media\/index.php?rest_route=%2Fwp%2Fv2%2Ftags&post=147870"}],"curies":[{"name":"wp","href":"https:\/\/api.w.org\/{rel}","templated":true}]}}