{"id":147846,"date":"2026-04-28T22:49:11","date_gmt":"2026-04-28T22:49:11","guid":{"rendered":"https:\/\/www.aib.media\/?p=147846"},"modified":"2026-04-28T22:49:11","modified_gmt":"2026-04-28T22:49:11","slug":"burkina-snc-2026-une-delegation-dafrodescendants-impressionnee-par-le-stand-de-la-presidence-du-faso","status":"publish","type":"post","link":"https:\/\/www.aib.media\/?p=147846","title":{"rendered":"Burkina\/SNC 2026 : Une d\u00e9l\u00e9gation d\u2019Afrodescendants impressionn\u00e9e par le stand de la Pr\u00e9sidence du Faso"},"content":{"rendered":"<p><strong>Burkina\/SNC 2026 : Une d\u00e9l\u00e9gation d\u2019Afrodescendants impressionn\u00e9e par le stand de la Pr\u00e9sidence du Faso<\/strong><\/p>\n<p><strong> Bobo-Dioulasso, 27 avril 2026(AIB)-Une d\u00e9l\u00e9gation d\u2019Afrodescendants a exprim\u00e9, lundi, toute son admiration \u00e0 la suite de la visite du stand de la Pr\u00e9sidence du Faso, qui pr\u00e9sente, chiffres \u00e0 l\u2019appui, les initiatives de s\u00e9curisation et de d\u00e9veloppement endog\u00e8ne accomplies sous le leadership du capitaine Ibrahim Traor\u00e9, en trois ans de R\u00e9volution progressiste populaire (RPP).<\/strong><\/p>\n<p><iframe loading=\"lazy\" title=\"BOBO\/SNC 2026 : Une d\u00e9l\u00e9gation d\u2019Afrodescendants impressionn\u00e9e par le stand de la Pr\u00e9sidence du Faso\" width=\"696\" height=\"392\" src=\"https:\/\/www.youtube.com\/embed\/jnkWK2nlpvM?feature=oembed\" frameborder=\"0\" allow=\"accelerometer; autoplay; clipboard-write; encrypted-media; gyroscope; picture-in-picture; web-share\" referrerpolicy=\"strict-origin-when-cross-origin\" allowfullscreen><\/iframe><\/p>\n","protected":false},"excerpt":{"rendered":"<p>Burkina\/SNC 2026 : Une d\u00e9l\u00e9gation d\u2019Afrodescendants impressionn\u00e9e par le stand de la Pr\u00e9sidence du Faso Bobo-Dioulasso, 27 avril 2026(AIB)-Une d\u00e9l\u00e9gation d\u2019Afrodescendants a exprim\u00e9, lundi, toute son admiration \u00e0 la suite de la visite du stand de la Pr\u00e9sidence du Faso, qui pr\u00e9sente, chiffres \u00e0 l\u2019appui, les initiatives de s\u00e9curisation et de d\u00e9veloppement endog\u00e8ne accomplies sous [&hellip;]<\/p>\n","protected":false},"author":15,"featured_media":147847,"comment_status":"open","ping_status":"open","sticky":false,"template":"","format":"video","meta":{"advanced_seo_description":"","jetpack_seo_html_title":"","jetpack_seo_noindex":false,"jetpack_post_was_ever_published":false,"footnotes":""},"categories":[65,85],"tags":[],"class_list":{"0":"post-147846","1":"post","2":"type-post","3":"status-publish","4":"format-video","5":"has-post-thumbnail","7":"category-snc","8":"category-video","9":"post_format-post-format-video"},"jetpack_featured_media_url":"https:\/\/i0.wp.com\/www.aib.media\/wp-content\/uploads\/2026\/04\/V2-1.png?fit=903%2C475&ssl=1","jetpack_shortlink":"https:\/\/wp.me\/pavbHe-CsC","_links":{"self":[{"href":"https:\/\/www.aib.media\/index.php?rest_route=\/wp\/v2\/posts\/147846","targetHints":{"allow":["GET"]}}],"collection":[{"href":"https:\/\/www.aib.media\/index.php?rest_route=\/wp\/v2\/posts"}],"about":[{"href":"https:\/\/www.aib.media\/index.php?rest_route=\/wp\/v2\/types\/post"}],"author":[{"embeddable":true,"href":"https:\/\/www.aib.media\/index.php?rest_route=\/wp\/v2\/users\/15"}],"replies":[{"embeddable":true,"href":"https:\/\/www.aib.media\/index.php?rest_route=%2Fwp%2Fv2%2Fcomments&post=147846"}],"version-history":[{"count":1,"href":"https:\/\/www.aib.media\/index.php?rest_route=\/wp\/v2\/posts\/147846\/revisions"}],"predecessor-version":[{"id":147848,"href":"https:\/\/www.aib.media\/index.php?rest_route=\/wp\/v2\/posts\/147846\/revisions\/147848"}],"wp:featuredmedia":[{"embeddable":true,"href":"https:\/\/www.aib.media\/index.php?rest_route=\/wp\/v2\/media\/147847"}],"wp:attachment":[{"href":"https:\/\/www.aib.media\/index.php?rest_route=%2Fwp%2Fv2%2Fmedia&parent=147846"}],"wp:term":[{"taxonomy":"category","embeddable":true,"href":"https:\/\/www.aib.media\/index.php?rest_route=%2Fwp%2Fv2%2Fcategories&post=147846"},{"taxonomy":"post_tag","embeddable":true,"href":"https:\/\/www.aib.media\/index.php?rest_route=%2Fwp%2Fv2%2Ftags&post=147846"}],"curies":[{"name":"wp","href":"https:\/\/api.w.org\/{rel}","templated":true}]}}