{"id":147837,"date":"2026-04-28T21:11:49","date_gmt":"2026-04-28T21:11:49","guid":{"rendered":"https:\/\/www.aib.media\/?p=147837"},"modified":"2026-04-28T21:11:49","modified_gmt":"2026-04-28T21:11:49","slug":"snc-2026-les-exposants-de-laes-invites-a-mutualiser-les-initiatives-pour-valoriser-le-marche-confederal","status":"publish","type":"post","link":"https:\/\/www.aib.media\/?p=147837","title":{"rendered":"SNC 2026 : Les exposants de l\u2019AES invit\u00e9s \u00e0 mutualiser les initiatives pour valoriser le march\u00e9 conf\u00e9d\u00e9ral"},"content":{"rendered":"<p>Burkina-Culture\u2013SNC-AES<\/p>\n<p><strong>SNC 2026 : Les exposants de l\u2019AES invit\u00e9s \u00e0 mutualiser les initiatives pour valoriser le march\u00e9 conf\u00e9d\u00e9ral<\/strong><\/p>\n<p><strong>Bobo-Dioulasso, 28 avr. 2026 (AIB) \u2013 Le ministre en charge de la Culture, Gilbert Ou\u00e9draogo, a appel\u00e9 mardi \u00e0 Bobo-Dioulasso, les exposants de l\u2019espace de l\u2019Alliance des Etats du Sahel (AES) pr\u00e9sents \u00e0 la Semaine nationale de la culture (SNC) \u00e0 int\u00e9grer l\u2019esprit conf\u00e9d\u00e9ral en mutualisant leurs initiatives, afin de valoriser le march\u00e9 communautaire et promouvoir le savoir-faire local \u00e0 l\u2019international.<\/strong><\/p>\n<p>\u00ab L\u2019appel que je voudrais lancer, c\u2019est que nos concitoyens puissent int\u00e9grer l\u2019aspect conf\u00e9d\u00e9ration dans leurs pratiques. Toutes les initiatives, qu\u2019elles soient priv\u00e9es ou \u00e9tatiques, doivent converger vers une mutualisation des \u00e9nergies \u00bb, a d\u00e9clar\u00e9 le ministre en charge de la Culture, Gilbert Ou\u00e9draogo.<\/p>\n<p>Le ministre Ou\u00e9draogo s\u2019exprimait \u00e0 l\u2019issue de la visite des stands de la 22e \u00e9dition de la Semaine nationale de la culture (SNC).<\/p>\n<p>Il a insist\u00e9 sur la n\u00e9cessit\u00e9 pour les acteurs culturels et \u00e9conomiques de s\u2019approprier la dynamique conf\u00e9d\u00e9rale en cours dans l\u2019espace AES.<\/p>\n<p>Selon lui, l\u2019espace AES constitue en lui-m\u00eame un march\u00e9 porteur qui doit \u00eatre prioritairement exploit\u00e9 avant toute prospection ext\u00e9rieure. \u00ab Nous devons nous appuyer sur nos potentialit\u00e9s, les valoriser et ensuite exporter notre savoir-faire au-del\u00e0 de l\u2019espace conf\u00e9d\u00e9ral \u00bb, a-t-il ajout\u00e9.<\/p>\n<p>Le ministre, accompagn\u00e9 de son homologue nig\u00e9rien, a indiqu\u00e9 que cette visite des stands a permis de constater une r\u00e9elle convergence de valeurs entre les communaut\u00e9s des pays membres. \u00ab Nous avons vu des populations qui partagent les m\u00eames id\u00e9aux et qui s\u2019engagent \u00e0 soutenir les gouvernements pour l\u2019atteinte des objectifs de l\u2019AES \u00bb, a-t-il relev\u00e9.<\/p>\n<p>Pour le ministre en charge de la culture, ces constats traduisent que l\u2019Alliance est \u00ab sur le bon chemin \u00bb, tout en appelant \u00e0 davantage de volont\u00e9 et d\u2019engagement pour consolider les acquis. \u00ab C\u2019est ainsi que nous allons relever les d\u00e9fis, renforcer la fraternit\u00e9 et la coll\u00e9gialit\u00e9 au sein de notre espace commun \u00bb, a-t-il soutenu.<\/p>\n<p>Le ministre a, par ailleurs, exhort\u00e9 les festivaliers au respect des consignes afin d\u2019assurer le bon d\u00e9roulement de l\u2019\u00e9v\u00e9nement. \u00ab Pour que la f\u00eate soit belle jusqu\u2019\u00e0 son terme, il faut de la discipline et de l\u2019ordre \u00bb, a-t-il insist\u00e9.<\/p>\n<p>De son c\u00f4t\u00e9, le ministre en charge de la Culture du Niger, le Colonel-major Abdourahamane Amadou, a salu\u00e9 la port\u00e9e de la conf\u00e9d\u00e9ration AES, qu\u2019il consid\u00e8re comme un mod\u00e8le en construction sur le continent africain.<\/p>\n<p>\u00ab La conf\u00e9d\u00e9ration que nous b\u00e2tissons fait \u00e9cole en Afrique et dans le monde. Et aujourd\u2019hui, ses piliers fondamentaux demeurent la culture \u00bb, a-t-il affirm\u00e9.<\/p>\n<p>Il a soulign\u00e9 que la culture constitue un facteur d\u2019unit\u00e9, de protection et de projection vers l\u2019avenir. \u00ab Elle nous relie \u00e0 notre histoire, \u00e0 nos anc\u00eatres et nous permet de construire un avenir commun solide \u00bb, a-t-il expliqu\u00e9.<\/p>\n<p>Le Niger prend part \u00e0 cette 22e \u00e9dition de la SNC avec une forte d\u00e9l\u00e9gation compos\u00e9e notamment d\u2019officiels, d\u2019exposants et d\u2019artistes musiciens.<\/p>\n<p>&nbsp;<\/p>\n<p style=\"text-align: right\"><strong>Agence d\u2019information du Burkina<\/strong><br \/>\n<strong>DNKyos<\/strong><\/p>\n","protected":false},"excerpt":{"rendered":"<p>Burkina-Culture\u2013SNC-AES SNC 2026 : Les exposants de l\u2019AES invit\u00e9s \u00e0 mutualiser les initiatives pour valoriser le march\u00e9 conf\u00e9d\u00e9ral Bobo-Dioulasso, 28 avr. 2026 (AIB) \u2013 Le ministre en charge de la Culture, Gilbert Ou\u00e9draogo, a appel\u00e9 mardi \u00e0 Bobo-Dioulasso, les exposants de l\u2019espace de l\u2019Alliance des Etats du Sahel (AES) pr\u00e9sents \u00e0 la Semaine nationale de [&hellip;]<\/p>\n","protected":false},"author":15,"featured_media":147838,"comment_status":"open","ping_status":"open","sticky":false,"template":"","format":"standard","meta":{"advanced_seo_description":"","jetpack_seo_html_title":"","jetpack_seo_noindex":false,"jetpack_post_was_ever_published":false,"footnotes":""},"categories":[792,60,173,93,121,203,65],"tags":[],"class_list":{"0":"post-147837","1":"post","2":"type-post","3":"status-publish","4":"format-standard","5":"has-post-thumbnail","7":"category-a-e-s","8":"category-culture","9":"category-depeches","10":"category-flashinfos","11":"category-houet","12":"category-la-une-aib","13":"category-snc"},"jetpack_featured_media_url":"https:\/\/i0.wp.com\/www.aib.media\/wp-content\/uploads\/2026\/04\/IMG-20260428-WA0185.jpg?fit=1080%2C720&ssl=1","jetpack_shortlink":"https:\/\/wp.me\/pavbHe-Cst","_links":{"self":[{"href":"https:\/\/www.aib.media\/index.php?rest_route=\/wp\/v2\/posts\/147837","targetHints":{"allow":["GET"]}}],"collection":[{"href":"https:\/\/www.aib.media\/index.php?rest_route=\/wp\/v2\/posts"}],"about":[{"href":"https:\/\/www.aib.media\/index.php?rest_route=\/wp\/v2\/types\/post"}],"author":[{"embeddable":true,"href":"https:\/\/www.aib.media\/index.php?rest_route=\/wp\/v2\/users\/15"}],"replies":[{"embeddable":true,"href":"https:\/\/www.aib.media\/index.php?rest_route=%2Fwp%2Fv2%2Fcomments&post=147837"}],"version-history":[{"count":1,"href":"https:\/\/www.aib.media\/index.php?rest_route=\/wp\/v2\/posts\/147837\/revisions"}],"predecessor-version":[{"id":147839,"href":"https:\/\/www.aib.media\/index.php?rest_route=\/wp\/v2\/posts\/147837\/revisions\/147839"}],"wp:featuredmedia":[{"embeddable":true,"href":"https:\/\/www.aib.media\/index.php?rest_route=\/wp\/v2\/media\/147838"}],"wp:attachment":[{"href":"https:\/\/www.aib.media\/index.php?rest_route=%2Fwp%2Fv2%2Fmedia&parent=147837"}],"wp:term":[{"taxonomy":"category","embeddable":true,"href":"https:\/\/www.aib.media\/index.php?rest_route=%2Fwp%2Fv2%2Fcategories&post=147837"},{"taxonomy":"post_tag","embeddable":true,"href":"https:\/\/www.aib.media\/index.php?rest_route=%2Fwp%2Fv2%2Ftags&post=147837"}],"curies":[{"name":"wp","href":"https:\/\/api.w.org\/{rel}","templated":true}]}}