{"id":147832,"date":"2026-04-28T21:06:55","date_gmt":"2026-04-28T21:06:55","guid":{"rendered":"https:\/\/www.aib.media\/?p=147832"},"modified":"2026-04-28T21:06:55","modified_gmt":"2026-04-28T21:06:55","slug":"bobo-dioulasso-baptemes-de-rues-lavenue-de-la-victoire-rend-hommage-aux-combattants","status":"publish","type":"post","link":"https:\/\/www.aib.media\/?p=147832","title":{"rendered":"Bobo-Dioulasso\/Bapt\u00eames de rues : l\u2019avenue de la Victoire rend hommage aux combattants"},"content":{"rendered":"<p><strong>Bobo-Dioulasso\/Bapt\u00eames de rues : l\u2019avenue de la Victoire rend hommage aux combattants<\/strong><\/p>\n<p><strong>Bobo-Dioulasso, 28 avril 2026 (AIB) &#8211; En forme de \u00ab V \u00bb, l\u2019avenue d\u00e9butant de la Place de la Nation au camp Ouezzin Coulibaly, et qui portait le nom du gouverneur colonial Reste de Roca, a \u00e9t\u00e9 rebaptis\u00e9e mardi avenue de la Victoire pour c\u00e9l\u00e9brer les forces combattantes et symboliser leur victoire prochaine sur le terrorisme.<\/strong><\/p>\n<p>Le choix de cette nouvelle appellation est un hommage aux forces engag\u00e9es dans la lutte pour la d\u00e9fense du territoire, a indiqu\u00e9 le pr\u00e9sident de la d\u00e9l\u00e9gation sp\u00e9ciale, Laurent Kontogom, soulignant que la \u00ab victoire \u00bb traduit un message d\u2019encouragement et d\u2019espoir aux combattants appel\u00e9s \u00e0 revenir victorieux de leurs missions.<\/p>\n<p>Selon M. Kontogom, ce changement s\u2019inscrit \u00e9galement dans une volont\u00e9 de rompre avec les r\u00e9f\u00e9rences coloniales encore pr\u00e9sentes dans la toponymie urbaine et de mettre en avant des valeurs nationales et africaines.<\/p>\n<p style=\"text-align: right\">\n<strong>Agence d\u2019information du Burkina<\/strong><\/p>\n","protected":false},"excerpt":{"rendered":"<p>Bobo-Dioulasso\/Bapt\u00eames de rues : l\u2019avenue de la Victoire rend hommage aux combattants Bobo-Dioulasso, 28 avril 2026 (AIB) &#8211; En forme de \u00ab V \u00bb, l\u2019avenue d\u00e9butant de la Place de la Nation au camp Ouezzin Coulibaly, et qui portait le nom du gouverneur colonial Reste de Roca, a \u00e9t\u00e9 rebaptis\u00e9e mardi avenue de la Victoire [&hellip;]<\/p>\n","protected":false},"author":21,"featured_media":147833,"comment_status":"open","ping_status":"open","sticky":false,"template":"","format":"standard","meta":{"advanced_seo_description":"","jetpack_seo_html_title":"","jetpack_seo_noindex":false,"jetpack_post_was_ever_published":false,"footnotes":""},"categories":[60,173,789,93,62,50,121,203,65,36],"tags":[],"class_list":{"0":"post-147832","1":"post","2":"type-post","3":"status-publish","4":"format-standard","5":"has-post-thumbnail","7":"category-culture","8":"category-depeches","9":"category-developpement","10":"category-flashinfos","11":"category-grands-evenements","12":"category-haut-bassins","13":"category-houet","14":"category-la-une-aib","15":"category-snc","16":"category-societe"},"jetpack_featured_media_url":"https:\/\/i0.wp.com\/www.aib.media\/wp-content\/uploads\/2026\/04\/IMG-20260428-WA0008-2.jpg?fit=1280%2C853&ssl=1","jetpack_shortlink":"https:\/\/wp.me\/pavbHe-Cso","_links":{"self":[{"href":"https:\/\/www.aib.media\/index.php?rest_route=\/wp\/v2\/posts\/147832","targetHints":{"allow":["GET"]}}],"collection":[{"href":"https:\/\/www.aib.media\/index.php?rest_route=\/wp\/v2\/posts"}],"about":[{"href":"https:\/\/www.aib.media\/index.php?rest_route=\/wp\/v2\/types\/post"}],"author":[{"embeddable":true,"href":"https:\/\/www.aib.media\/index.php?rest_route=\/wp\/v2\/users\/21"}],"replies":[{"embeddable":true,"href":"https:\/\/www.aib.media\/index.php?rest_route=%2Fwp%2Fv2%2Fcomments&post=147832"}],"version-history":[{"count":1,"href":"https:\/\/www.aib.media\/index.php?rest_route=\/wp\/v2\/posts\/147832\/revisions"}],"predecessor-version":[{"id":147834,"href":"https:\/\/www.aib.media\/index.php?rest_route=\/wp\/v2\/posts\/147832\/revisions\/147834"}],"wp:featuredmedia":[{"embeddable":true,"href":"https:\/\/www.aib.media\/index.php?rest_route=\/wp\/v2\/media\/147833"}],"wp:attachment":[{"href":"https:\/\/www.aib.media\/index.php?rest_route=%2Fwp%2Fv2%2Fmedia&parent=147832"}],"wp:term":[{"taxonomy":"category","embeddable":true,"href":"https:\/\/www.aib.media\/index.php?rest_route=%2Fwp%2Fv2%2Fcategories&post=147832"},{"taxonomy":"post_tag","embeddable":true,"href":"https:\/\/www.aib.media\/index.php?rest_route=%2Fwp%2Fv2%2Ftags&post=147832"}],"curies":[{"name":"wp","href":"https:\/\/api.w.org\/{rel}","templated":true}]}}