{"id":147828,"date":"2026-04-28T20:14:25","date_gmt":"2026-04-28T20:14:25","guid":{"rendered":"https:\/\/www.aib.media\/?p=147828"},"modified":"2026-04-28T20:14:25","modified_gmt":"2026-04-28T20:14:25","slug":"passore-le-nouveau-directeur-provincial-en-charge-des-sports-sengage-a-servir-dans-la-transparence","status":"publish","type":"post","link":"https:\/\/www.aib.media\/?p=147828","title":{"rendered":"Passor\u00e9 : Le nouveau directeur provincial en charge des Sports s\u2019engage \u00e0 servir dans la transparence"},"content":{"rendered":"<p>BURKINA-PASSORE-SPORT-INSTALLATION-DIRECTEUR<\/p>\n<p><strong>Passor\u00e9 : Le nouveau directeur provincial en charge des Sports s\u2019engage \u00e0 servir dans la transparence<\/strong><\/p>\n<p><strong>Yako, 28 avril. 2026 (AIB) &#8211; Le Haut-commissaire de la province du Passor\u00e9, Daouda Sangar\u00e9, a officiellement install\u00e9 le jeudi 16 avril 2026, le nouveau directeur provincial des Sports, de la Jeunesse et de l\u2019Emploi du Passor\u00e9, Harouna Ou\u00e9draogo, dans ses fonctions. A cette occasion, le nouveau directeur a promis d\u2019exercer sa mission avec rigueur, transparence et dans un esprit d\u2019\u00e9coute permanente, au service de la population.<\/strong><\/p>\n<p>La c\u00e9r\u00e9monie d\u2019installation s\u2019est d\u00e9roul\u00e9e le jeudi 16 avril 2026 \u00e0 la mairie de Yako, en pr\u00e9sence des autorit\u00e9s administratives, coutumi\u00e8res et religieuses, des Forces de d\u00e9fense et de s\u00e9curit\u00e9 (FDS), des corps paramilitaires, ainsi que de plusieurs invit\u00e9s et organisations de la soci\u00e9t\u00e9 civile.<\/p>\n<p>Le Haut-commissaire de la province du Passor\u00e9, Daouda Sangar\u00e9, a salu\u00e9 les efforts et les sacrifices consentis par les directeurs provinciaux sortants des Sports et des Loisirs, Boukary Sawadogo, et de la Jeunesse et de l\u2019emploi, Augustin Sama, durant leur passage \u00e0 la t\u00eate de leurs services respectifs.<\/p>\n<p>Le nouveau Directeur provincial (DP) des Sports, de la jeunesse et de l\u2019Emploi, Harouna Ou\u00e9draogo, a exprim\u00e9 sa gratitude aux plus hautes autorit\u00e9s pour la confiance plac\u00e9e en lui, qualifiant sa nomination de mission exigeante.<br \/>\nIl a soulign\u00e9 que le sport, la jeunesse et l\u2019emploi constituent des leviers strat\u00e9giques de r\u00e9silience, de coh\u00e9sion sociale et de paix dans un contexte marqu\u00e9 par de nombreux d\u00e9fis.<\/p>\n<p>Le nouveau DP a indiqu\u00e9 que son action s\u2019articulera autour du renforcement de l\u2019encadrement des jeunes, de la promotion du sport et des talents locaux, ainsi que de la cr\u00e9ation d\u2019opportunit\u00e9s d\u2019insertion socio-\u00e9conomique, en collaboration avec les acteurs publics, priv\u00e9s et les partenaires.<\/p>\n<p>M. Ou\u00e9draogo a \u00e9galement insist\u00e9 sur la consolidation du vivre-ensemble \u00e0 travers des activit\u00e9s sportives et socio-\u00e9ducatives f\u00e9d\u00e9ratrices.<\/p>\n<p>Les directeurs sortants ont pr\u00e9sent\u00e9 leurs bilans respectifs, mettant en avant plusieurs acquis, lors de la c\u00e9r\u00e9monie.<\/p>\n<p>Le premier responsable de la province, Daouda Sangar\u00e9, a rendu hommage aux directeurs sortants et a rassur\u00e9 le nouveau DP du soutien des corps constitu\u00e9s pour la r\u00e9ussite de sa mission.<\/p>\n<p>Pour rappel, Harouna Ou\u00e9draogo a \u00e9t\u00e9 nomm\u00e9 le jeudi 19 mars 2026 en qualit\u00e9 de directeur provincial des Sports, de la jeunesse et de l\u2019emploi du Passor\u00e9.<\/p>\n<p style=\"text-align: right\"><strong>Agence d\u2019information du Burkina<\/strong><br \/>\n<strong>ZES\/no<\/strong><\/p>\n","protected":false},"excerpt":{"rendered":"<p>BURKINA-PASSORE-SPORT-INSTALLATION-DIRECTEUR Passor\u00e9 : Le nouveau directeur provincial en charge des Sports s\u2019engage \u00e0 servir dans la transparence Yako, 28 avril. 2026 (AIB) &#8211; Le Haut-commissaire de la province du Passor\u00e9, Daouda Sangar\u00e9, a officiellement install\u00e9 le jeudi 16 avril 2026, le nouveau directeur provincial des Sports, de la Jeunesse et de l\u2019Emploi du Passor\u00e9, Harouna [&hellip;]<\/p>\n","protected":false},"author":15,"featured_media":147829,"comment_status":"open","ping_status":"open","sticky":false,"template":"","format":"standard","meta":{"advanced_seo_description":"","jetpack_seo_html_title":"","jetpack_seo_noindex":false,"jetpack_post_was_ever_published":false,"footnotes":""},"categories":[173,93,203,125],"tags":[],"class_list":{"0":"post-147828","1":"post","2":"type-post","3":"status-publish","4":"format-standard","5":"has-post-thumbnail","7":"category-depeches","8":"category-flashinfos","9":"category-la-une-aib","10":"category-passore"},"jetpack_featured_media_url":"https:\/\/i0.wp.com\/www.aib.media\/wp-content\/uploads\/2026\/04\/IMG-20260428-WA01321.jpg?fit=1040%2C468&ssl=1","jetpack_shortlink":"https:\/\/wp.me\/pavbHe-Csk","_links":{"self":[{"href":"https:\/\/www.aib.media\/index.php?rest_route=\/wp\/v2\/posts\/147828","targetHints":{"allow":["GET"]}}],"collection":[{"href":"https:\/\/www.aib.media\/index.php?rest_route=\/wp\/v2\/posts"}],"about":[{"href":"https:\/\/www.aib.media\/index.php?rest_route=\/wp\/v2\/types\/post"}],"author":[{"embeddable":true,"href":"https:\/\/www.aib.media\/index.php?rest_route=\/wp\/v2\/users\/15"}],"replies":[{"embeddable":true,"href":"https:\/\/www.aib.media\/index.php?rest_route=%2Fwp%2Fv2%2Fcomments&post=147828"}],"version-history":[{"count":1,"href":"https:\/\/www.aib.media\/index.php?rest_route=\/wp\/v2\/posts\/147828\/revisions"}],"predecessor-version":[{"id":147830,"href":"https:\/\/www.aib.media\/index.php?rest_route=\/wp\/v2\/posts\/147828\/revisions\/147830"}],"wp:featuredmedia":[{"embeddable":true,"href":"https:\/\/www.aib.media\/index.php?rest_route=\/wp\/v2\/media\/147829"}],"wp:attachment":[{"href":"https:\/\/www.aib.media\/index.php?rest_route=%2Fwp%2Fv2%2Fmedia&parent=147828"}],"wp:term":[{"taxonomy":"category","embeddable":true,"href":"https:\/\/www.aib.media\/index.php?rest_route=%2Fwp%2Fv2%2Fcategories&post=147828"},{"taxonomy":"post_tag","embeddable":true,"href":"https:\/\/www.aib.media\/index.php?rest_route=%2Fwp%2Fv2%2Ftags&post=147828"}],"curies":[{"name":"wp","href":"https:\/\/api.w.org\/{rel}","templated":true}]}}