{"id":147822,"date":"2026-04-28T20:04:38","date_gmt":"2026-04-28T20:04:38","guid":{"rendered":"https:\/\/www.aib.media\/?p=147822"},"modified":"2026-04-28T20:04:38","modified_gmt":"2026-04-28T20:04:38","slug":"namentenga-enseignement-superieur-une-rencontre-de-sensibilisation-pour-permettre-aux-futurs-bacheliers-de-sapproprier-la-nouvelle-carte-universitaire","status":"publish","type":"post","link":"https:\/\/www.aib.media\/?p=147822","title":{"rendered":"Namentenga \/Enseignement sup\u00e9rieur: Une rencontre de sensibilisation pour permettre aux futurs bacheliers de s\u2019approprier la nouvelle carte universitaire"},"content":{"rendered":"<p>BURKINA-NAMENTENGA-ENSEIGNEMENT-SUPERIEUR<\/p>\n<p><strong>Namentenga \/Enseignement sup\u00e9rieur: Une rencontre de sensibilisation pour permettre aux futurs bacheliers de s\u2019approprier la nouvelle carte universitaire<\/strong><\/p>\n<p><strong>Boulsa, 28 avr. 2026 (AIB)-Le directeur r\u00e9gional en charge de l\u2019Enseignement sup\u00e9rieur, Dr Antarou Ly a indiqu\u00e9 le samedi 25 avril 2026, lors d\u2019une rencontre d\u2019information et de sensibilisation sur la carte universitaire, pr\u00e9sid\u00e9e par le Haut-commissaire de la province du Namentenga, Adama Conseiga, que des \u00e9changes ont \u00e9t\u00e9 organis\u00e9s avec les \u00e9l\u00e8ves des classes de terminale de la commune de Boulsa. Cette rencontre permettra aux futurs bacheliers de s\u2019approprier le nouveau document afin de faire un choix \u00e9clair\u00e9 de leur fili\u00e8re.<\/strong><\/p>\n<p>\u00ab La r\u00e9gion des Kouls\u00e9 enregistre aujourd\u2019hui l\u2019ouverture de plusieurs nouvelles fili\u00e8res. Il s\u2019agit, entre autres, de la cr\u00e9ation de la fili\u00e8re cuir et peaux, de la mise en place d\u2019un master en psychologie, et bien d\u2019autres fili\u00e8res. La carte universitaire est \u00e9volutive. Je souhaite que l\u2019universit\u00e9 de Kaya devienne leader dans le domaine du cuir et des peaux \u00bb, a indiqu\u00e9 Dr Antarou Ly.<\/p>\n<p>Selon lui, les futurs \u00e9tudiants doivent s\u2019approprier cette nouvelle carte universitaire, qui facilitera le choix de leur fili\u00e8re.<\/p>\n<p>Le Haut-commissaire de la province du Namentenga, Adama Conseiga, a salu\u00e9 l\u2019initiative du gouvernement, qui permet aux futurs bacheliers de mieux conna\u00eetre le potentiel existant dans la r\u00e9gion des Kouls\u00e9 en particulier et dans les autres universit\u00e9s du Burkina Faso en g\u00e9n\u00e9ral.<\/p>\n<p>M. Conseiga a par ailleurs expliqu\u00e9 que cette rencontre de sensibilisation permettra aux candidats de mieux se pr\u00e9parer aux \u00e9tudes sup\u00e9rieures et de r\u00e9pondre aux exigences propres \u00e0 chaque fili\u00e8re.<\/p>\n<p>Il a \u00e9galement demand\u00e9 au directeur provincial de l\u2019Enseignement secondaire, de la Formation professionnelle et technique, Sibri Abdoulaye Yarbanga, de prendre le relais afin que les autres candidats de la province b\u00e9n\u00e9ficient du m\u00eame niveau d\u2019information que ceux de Boulsa.<\/p>\n<p style=\"text-align: right\">\n<strong>Agence d\u2019information du Burkina<\/strong><\/p>\n<p style=\"text-align: right\"><strong>JBD\/no<\/strong><\/p>\n","protected":false},"excerpt":{"rendered":"<p>BURKINA-NAMENTENGA-ENSEIGNEMENT-SUPERIEUR Namentenga \/Enseignement sup\u00e9rieur: Une rencontre de sensibilisation pour permettre aux futurs bacheliers de s\u2019approprier la nouvelle carte universitaire Boulsa, 28 avr. 2026 (AIB)-Le directeur r\u00e9gional en charge de l\u2019Enseignement sup\u00e9rieur, Dr Antarou Ly a indiqu\u00e9 le samedi 25 avril 2026, lors d\u2019une rencontre d\u2019information et de sensibilisation sur la carte universitaire, pr\u00e9sid\u00e9e par le [&hellip;]<\/p>\n","protected":false},"author":15,"featured_media":147823,"comment_status":"open","ping_status":"open","sticky":false,"template":"","format":"standard","meta":{"advanced_seo_description":"","jetpack_seo_html_title":"","jetpack_seo_noindex":false,"jetpack_post_was_ever_published":false,"footnotes":""},"categories":[173,93,203,107],"tags":[],"class_list":{"0":"post-147822","1":"post","2":"type-post","3":"status-publish","4":"format-standard","5":"has-post-thumbnail","7":"category-depeches","8":"category-flashinfos","9":"category-la-une-aib","10":"category-namentenga"},"jetpack_featured_media_url":"https:\/\/i0.wp.com\/www.aib.media\/wp-content\/uploads\/2026\/04\/IMG-20260428-WA00492.jpg?fit=1016%2C762&ssl=1","jetpack_shortlink":"https:\/\/wp.me\/pavbHe-Cse","_links":{"self":[{"href":"https:\/\/www.aib.media\/index.php?rest_route=\/wp\/v2\/posts\/147822","targetHints":{"allow":["GET"]}}],"collection":[{"href":"https:\/\/www.aib.media\/index.php?rest_route=\/wp\/v2\/posts"}],"about":[{"href":"https:\/\/www.aib.media\/index.php?rest_route=\/wp\/v2\/types\/post"}],"author":[{"embeddable":true,"href":"https:\/\/www.aib.media\/index.php?rest_route=\/wp\/v2\/users\/15"}],"replies":[{"embeddable":true,"href":"https:\/\/www.aib.media\/index.php?rest_route=%2Fwp%2Fv2%2Fcomments&post=147822"}],"version-history":[{"count":1,"href":"https:\/\/www.aib.media\/index.php?rest_route=\/wp\/v2\/posts\/147822\/revisions"}],"predecessor-version":[{"id":147824,"href":"https:\/\/www.aib.media\/index.php?rest_route=\/wp\/v2\/posts\/147822\/revisions\/147824"}],"wp:featuredmedia":[{"embeddable":true,"href":"https:\/\/www.aib.media\/index.php?rest_route=\/wp\/v2\/media\/147823"}],"wp:attachment":[{"href":"https:\/\/www.aib.media\/index.php?rest_route=%2Fwp%2Fv2%2Fmedia&parent=147822"}],"wp:term":[{"taxonomy":"category","embeddable":true,"href":"https:\/\/www.aib.media\/index.php?rest_route=%2Fwp%2Fv2%2Fcategories&post=147822"},{"taxonomy":"post_tag","embeddable":true,"href":"https:\/\/www.aib.media\/index.php?rest_route=%2Fwp%2Fv2%2Ftags&post=147822"}],"curies":[{"name":"wp","href":"https:\/\/api.w.org\/{rel}","templated":true}]}}