{"id":147819,"date":"2026-04-28T20:00:31","date_gmt":"2026-04-28T20:00:31","guid":{"rendered":"https:\/\/www.aib.media\/?p=147819"},"modified":"2026-04-28T20:00:31","modified_gmt":"2026-04-28T20:00:31","slug":"namentenga-association-nasongdo-paul-zidouemba-elu-president-pour-un-mandat-de-3-ans","status":"publish","type":"post","link":"https:\/\/www.aib.media\/?p=147819","title":{"rendered":"Namentenga \/Association Nasongdo: Paul Zidouemba \u00e9lu pr\u00e9sident pour un mandat de 3 ans"},"content":{"rendered":"<p>Burkina-Namentenga-Assembl\u00e9e-G\u00e9n\u00e9rale<\/p>\n<p><strong>Namentenga \/Association Nasongdo: Paul Zidouemba \u00e9lu pr\u00e9sident pour un mandat de 3 ans<\/strong><\/p>\n<p><strong>Boulsa, 27 avr. 2026 (AIB) -Le Haut-commissaire de la province du Namentenga, Adama Conseiga, a pr\u00e9sid\u00e9 la c\u00e9r\u00e9monie d\u2019ouverture de la 12e Assembl\u00e9e g\u00e9n\u00e9rale (AG) de l\u2019association Nasongdo, tenue le jeudi 23 avril 2026 \u00e0 son si\u00e8ge, en pr\u00e9sence des responsables de l\u2019\u00c9glise catholique. Cette AG a permis aux membres de renouveler les instances dirigeantes et de porter Paul Zidouemba \u00e0 la t\u00eate de la structure pour un mandat de trois ans.<\/strong><\/p>\n<p>L\u2019association Nasongdo a tenu, le jeudi 23 avril 2026 \u00e0 son si\u00e8ge \u00e0 Boulsa, sa 12e Assembl\u00e9e g\u00e9n\u00e9rale, en pr\u00e9sence du premier responsable de la province du Namentenga, Adama Conseiga, du cur\u00e9 de la paroisse, l\u2019abb\u00e9 Constant Ou\u00e9draogo, et de la responsable paroissiale de l\u2019OCADES, Florence Youma.<\/p>\n<p>\u00c0 cette occasion, les membres ont analys\u00e9 le bilan des activit\u00e9s r\u00e9alis\u00e9es, examin\u00e9 les difficult\u00e9s rencontr\u00e9es, puis formul\u00e9 des perspectives pour l\u2019avenir. Ils ont \u00e9galement proc\u00e9d\u00e9 au renouvellement des instances dirigeantes, \u00e9lisant Paul Zidouemba comme pr\u00e9sident de l\u2019association pour un mandat de trois ans.<\/p>\n<p>L\u2019assembl\u00e9e a par ailleurs accord\u00e9 sa confiance \u00e0 Pascal Godo, d\u00e9sign\u00e9 coordonnateur.<\/p>\n<p>Les participants se sont aussi pench\u00e9s sur plusieurs projets, notamment la r\u00e9alisation d\u2019un complexe scolaire, la mise en place de p\u00e9rim\u00e8tres mara\u00eechers et la gestion du d\u00e9boisement du bosquet de l\u2019association.<\/p>\n<p>\u00ab Je vous f\u00e9licite pour la tenue r\u00e9guli\u00e8re de vos instances \u00bb, a d\u00e9clar\u00e9 le Haut-commissaire, Adama Conseiga. Il a rappel\u00e9 l\u2019importance du respect de ces cadres statutaires ainsi que les attentes du gouvernement en la mati\u00e8re, tout en saluant la dynamique engag\u00e9e par l\u2019association.<\/p>\n<p>Reconnue officiellement le 23 f\u00e9vrier 2000, l\u2019association Nasongdo a \u00e9t\u00e9 cr\u00e9\u00e9e \u00e0 l\u2019initiative des s\u0153urs de la communaut\u00e9 de Saint Fran\u00e7ois d\u2019Assise de la paroisse de Boulsa. Elle \u0153uvre pour le d\u00e9veloppement de la localit\u00e9.<\/p>\n<p>&nbsp;<\/p>\n<p style=\"text-align: right\"><strong>Agence d\u2019information du Burkina<\/strong><\/p>\n<p style=\"text-align: right\"><strong>JBD\/no<\/strong><\/p>\n","protected":false},"excerpt":{"rendered":"<p>Burkina-Namentenga-Assembl\u00e9e-G\u00e9n\u00e9rale Namentenga \/Association Nasongdo: Paul Zidouemba \u00e9lu pr\u00e9sident pour un mandat de 3 ans Boulsa, 27 avr. 2026 (AIB) -Le Haut-commissaire de la province du Namentenga, Adama Conseiga, a pr\u00e9sid\u00e9 la c\u00e9r\u00e9monie d\u2019ouverture de la 12e Assembl\u00e9e g\u00e9n\u00e9rale (AG) de l\u2019association Nasongdo, tenue le jeudi 23 avril 2026 \u00e0 son si\u00e8ge, en pr\u00e9sence des responsables [&hellip;]<\/p>\n","protected":false},"author":15,"featured_media":147820,"comment_status":"open","ping_status":"open","sticky":false,"template":"","format":"standard","meta":{"advanced_seo_description":"","jetpack_seo_html_title":"","jetpack_seo_noindex":false,"jetpack_post_was_ever_published":false,"footnotes":""},"categories":[173,93,203,107],"tags":[],"class_list":{"0":"post-147819","1":"post","2":"type-post","3":"status-publish","4":"format-standard","5":"has-post-thumbnail","7":"category-depeches","8":"category-flashinfos","9":"category-la-une-aib","10":"category-namentenga"},"jetpack_featured_media_url":"https:\/\/i0.wp.com\/www.aib.media\/wp-content\/uploads\/2026\/04\/IMG-20260428-WA00484.jpg?fit=1016%2C762&ssl=1","jetpack_shortlink":"https:\/\/wp.me\/pavbHe-Csb","_links":{"self":[{"href":"https:\/\/www.aib.media\/index.php?rest_route=\/wp\/v2\/posts\/147819","targetHints":{"allow":["GET"]}}],"collection":[{"href":"https:\/\/www.aib.media\/index.php?rest_route=\/wp\/v2\/posts"}],"about":[{"href":"https:\/\/www.aib.media\/index.php?rest_route=\/wp\/v2\/types\/post"}],"author":[{"embeddable":true,"href":"https:\/\/www.aib.media\/index.php?rest_route=\/wp\/v2\/users\/15"}],"replies":[{"embeddable":true,"href":"https:\/\/www.aib.media\/index.php?rest_route=%2Fwp%2Fv2%2Fcomments&post=147819"}],"version-history":[{"count":1,"href":"https:\/\/www.aib.media\/index.php?rest_route=\/wp\/v2\/posts\/147819\/revisions"}],"predecessor-version":[{"id":147821,"href":"https:\/\/www.aib.media\/index.php?rest_route=\/wp\/v2\/posts\/147819\/revisions\/147821"}],"wp:featuredmedia":[{"embeddable":true,"href":"https:\/\/www.aib.media\/index.php?rest_route=\/wp\/v2\/media\/147820"}],"wp:attachment":[{"href":"https:\/\/www.aib.media\/index.php?rest_route=%2Fwp%2Fv2%2Fmedia&parent=147819"}],"wp:term":[{"taxonomy":"category","embeddable":true,"href":"https:\/\/www.aib.media\/index.php?rest_route=%2Fwp%2Fv2%2Fcategories&post=147819"},{"taxonomy":"post_tag","embeddable":true,"href":"https:\/\/www.aib.media\/index.php?rest_route=%2Fwp%2Fv2%2Ftags&post=147819"}],"curies":[{"name":"wp","href":"https:\/\/api.w.org\/{rel}","templated":true}]}}