{"id":147805,"date":"2026-04-28T11:21:35","date_gmt":"2026-04-28T11:21:35","guid":{"rendered":"https:\/\/www.aib.media\/?p=147805"},"modified":"2026-04-28T11:21:35","modified_gmt":"2026-04-28T11:21:35","slug":"koudougou-les-fideles-evangeliques-intercedent-pour-la-paix-et-la-securite-au-burkina-faso","status":"publish","type":"post","link":"https:\/\/www.aib.media\/?p=147805","title":{"rendered":"Koudougou : les fid\u00e8les \u00e9vang\u00e9liques interc\u00e8dent pour la paix et la s\u00e9curit\u00e9 au Burkina Faso"},"content":{"rendered":"<p>BURKINA-BOULKIEMDE-KOUDOUGOU-RELIGION-FEME-PRIERE-PAIX-SECURITE<\/p>\n<p><strong>Koudougou : les fid\u00e8les \u00e9vang\u00e9liques interc\u00e8dent pour la paix et la s\u00e9curit\u00e9 au Burkina Faso<\/strong><\/p>\n<p><strong>Koudougou, 27 avr. 2026 (AIB) \u2013 La F\u00e9d\u00e9ration des \u00e9glises et missions \u00e9vang\u00e9liques (FEME) a mobilis\u00e9 le dimanche 26 avril \u00e0 Koudougou, des centaines de fid\u00e8les chr\u00e9tiens pour une grande journ\u00e9e de pri\u00e8re nationale, afin d&rsquo;implorer la protection divine pour le retour de la paix et de la stabilit\u00e9 sur l&rsquo;ensemble du territoire burkinab\u00e8.<\/strong><\/p>\n<p>Les fid\u00e8les, venus massivement des diff\u00e9rentes \u00e9glises \u00e9vang\u00e9liques de la cit\u00e9 du Cavalier rouge, ont ralli\u00e9 l\u2019\u00c9glise AD Sion pour r\u00e9pondre \u00e0 l&rsquo;appel de la FEME.<\/p>\n<p>Cette journ\u00e9e d&rsquo;intercession s&rsquo;inscrit dans une dynamique de soutien spirituel aux efforts de reconqu\u00eate du territoire national.<br \/>\nPlac\u00e9e sous le signe de l&rsquo;humilit\u00e9 et de la repentance, la c\u00e9l\u00e9bration a \u00e9t\u00e9 guid\u00e9e par les enseignements tir\u00e9s du livre de 2 Chroniques 7:14.<\/p>\n<p>Pour les organisateurs, il s&rsquo;agit d&rsquo;inviter chaque citoyen \u00e0 une introspection profonde pour favoriser la gu\u00e9rison de la nation.<br \/>\n\u00ab Face aux \u00e9preuves que traverse notre pays, nous croyons que la pri\u00e8re reste une arme spirituelle puissante \u00bb, a soutenu le responsable de la f\u00e9d\u00e9ration, le pasteur David Yam\u00e9ogo.<\/p>\n<p>Au-del\u00e0 des chants et des supplications, les leaders religieux ont insist\u00e9 sur la n\u00e9cessit\u00e9 de cultiver la coh\u00e9sion sociale et la r\u00e9silience. Selon le Dr Yam\u00e9ogo, ce retour aux valeurs spirituelles est une condition essentielle pour accompagner les actions physiques de s\u00e9curisation du pays.<\/p>\n<p>La c\u00e9r\u00e9monie s\u2019est achev\u00e9e par des pri\u00e8res sp\u00e9cifiques pour les autorit\u00e9s du pays, les Forces de d\u00e9fense et de s\u00e9curit\u00e9 (FDS) ainsi que pour les Volontaires pour la d\u00e9fense de la patrie (VDP) engag\u00e9s sur le front.<\/p>\n<p><strong>Agence d\u2019Information du Burkina <\/strong><br \/>\n<strong>JY\/PB\/AS\/ATA<\/strong><\/p>\n","protected":false},"excerpt":{"rendered":"<p>BURKINA-BOULKIEMDE-KOUDOUGOU-RELIGION-FEME-PRIERE-PAIX-SECURITE Koudougou : les fid\u00e8les \u00e9vang\u00e9liques interc\u00e8dent pour la paix et la s\u00e9curit\u00e9 au Burkina Faso Koudougou, 27 avr. 2026 (AIB) \u2013 La F\u00e9d\u00e9ration des \u00e9glises et missions \u00e9vang\u00e9liques (FEME) a mobilis\u00e9 le dimanche 26 avril \u00e0 Koudougou, des centaines de fid\u00e8les chr\u00e9tiens pour une grande journ\u00e9e de pri\u00e8re nationale, afin d&rsquo;implorer la protection divine [&hellip;]<\/p>\n","protected":false},"author":16,"featured_media":147806,"comment_status":"open","ping_status":"open","sticky":false,"template":"","format":"standard","meta":{"advanced_seo_description":"","jetpack_seo_html_title":"","jetpack_seo_noindex":false,"jetpack_post_was_ever_published":false,"footnotes":""},"categories":[109,47,173,80,93,203,38,40,36],"tags":[],"class_list":{"0":"post-147805","1":"post","2":"type-post","3":"status-publish","4":"format-standard","5":"has-post-thumbnail","7":"category-boulkiemde","8":"category-centre-ouest","9":"category-depeches","10":"category-dossiers","11":"category-flashinfos","12":"category-la-une-aib","13":"category-politique","14":"category-regions","15":"category-societe"},"jetpack_featured_media_url":"https:\/\/i0.wp.com\/www.aib.media\/wp-content\/uploads\/2026\/04\/3-33.jpeg?fit=1024%2C768&ssl=1","jetpack_shortlink":"https:\/\/wp.me\/pavbHe-CrX","_links":{"self":[{"href":"https:\/\/www.aib.media\/index.php?rest_route=\/wp\/v2\/posts\/147805","targetHints":{"allow":["GET"]}}],"collection":[{"href":"https:\/\/www.aib.media\/index.php?rest_route=\/wp\/v2\/posts"}],"about":[{"href":"https:\/\/www.aib.media\/index.php?rest_route=\/wp\/v2\/types\/post"}],"author":[{"embeddable":true,"href":"https:\/\/www.aib.media\/index.php?rest_route=\/wp\/v2\/users\/16"}],"replies":[{"embeddable":true,"href":"https:\/\/www.aib.media\/index.php?rest_route=%2Fwp%2Fv2%2Fcomments&post=147805"}],"version-history":[{"count":1,"href":"https:\/\/www.aib.media\/index.php?rest_route=\/wp\/v2\/posts\/147805\/revisions"}],"predecessor-version":[{"id":147807,"href":"https:\/\/www.aib.media\/index.php?rest_route=\/wp\/v2\/posts\/147805\/revisions\/147807"}],"wp:featuredmedia":[{"embeddable":true,"href":"https:\/\/www.aib.media\/index.php?rest_route=\/wp\/v2\/media\/147806"}],"wp:attachment":[{"href":"https:\/\/www.aib.media\/index.php?rest_route=%2Fwp%2Fv2%2Fmedia&parent=147805"}],"wp:term":[{"taxonomy":"category","embeddable":true,"href":"https:\/\/www.aib.media\/index.php?rest_route=%2Fwp%2Fv2%2Fcategories&post=147805"},{"taxonomy":"post_tag","embeddable":true,"href":"https:\/\/www.aib.media\/index.php?rest_route=%2Fwp%2Fv2%2Ftags&post=147805"}],"curies":[{"name":"wp","href":"https:\/\/api.w.org\/{rel}","templated":true}]}}