{"id":147793,"date":"2026-04-28T11:07:51","date_gmt":"2026-04-28T11:07:51","guid":{"rendered":"https:\/\/www.aib.media\/?p=147793"},"modified":"2026-04-28T11:07:51","modified_gmt":"2026-04-28T11:07:51","slug":"sissili-education-les-acteurs-de-leducation-sapproprient-les-brigades-de-dynamisation-de-linitiation-aux-metiers-dans-les-etablissements-secondaires-bdime","status":"publish","type":"post","link":"https:\/\/www.aib.media\/?p=147793","title":{"rendered":"Sissili\/\u00c9ducation : Les acteurs de l\u2019\u00e9ducation s\u2019approprient les Brigades de dynamisation de l\u2019initiation aux m\u00e9tiers dans les \u00e9tablissements secondaires (BDIME)"},"content":{"rendered":"<p><strong>Sissili\/\u00c9ducation : Les acteurs de l\u2019\u00e9ducation s\u2019approprient les Brigades de dynamisation de l\u2019initiation aux m\u00e9tiers dans les \u00e9tablissements secondaires (BDIME)<\/strong><\/p>\n<p><strong>L\u00e9o, 25 avril 2026 (AIB) &#8211; La Direction provinciale de l\u2019Enseignement secondaire, de la Formation professionnelle et technique (DPESFPT) de la Sissili a organis\u00e9, ce samedi 25 avril 2026 \u00e0 L\u00e9o, une conf\u00e9rence provinciale sur les Brigades de Dynamisation de l\u2019Initiation aux M\u00e9tiers dans les \u00c9tablissements secondaires de la Sissili (BDIME-SISSILI). Cette rencontre vise \u00e0 outiller les acteurs \u00e9ducatifs sur les m\u00e9canismes de fonctionnement de ces brigades pour une meilleure orientation professionnelle des \u00e9l\u00e8ves.<\/strong><\/p>\n<p>Plac\u00e9e sous le th\u00e8me \u00ab L\u2019origine, la mission, les objectifs et le fonctionnement des Brigades de Dynamisation de l\u2019Initiation aux M\u00e9tiers dans les \u00c9tablissements secondaires de la Sissili (BDIME-SISSILI)\u00bb, cette conf\u00e9rence a r\u00e9uni dans la salle des f\u00eates de la mairie de L\u00e9o, enseignants, parents d\u2019\u00e9l\u00e8ves, les professionnels des m\u00e9tiers et autorit\u00e9s locales avec la pr\u00e9sence remarquable du directeur r\u00e9gional de l\u2019enseignement secondaire et de la formation professionnelle et technique de la r\u00e9gion d\u2019Oubri venu s\u2019impr\u00e9gner de l\u2019exp\u00e9rience de la Sissili.<\/p>\n<p>L\u2019objectif majeur de cette session est de permettre aux participants de s\u2019approprier ce dispositif innovant qui ambitionne de transformer le parcours scolaire en une v\u00e9ritable passerelle vers l\u2019emploi.<\/p>\n<p>Dans son mot de bienvenue, le deuxi\u00e8me vice-pr\u00e9sident de la d\u00e9l\u00e9gation sp\u00e9ciale de L\u00e9o, Moussa Sawadogo, repr\u00e9sentant le Pr\u00e9sident de la d\u00e9l\u00e9gation sp\u00e9ciale (PDS), a salu\u00e9 le choix de sa commune pour abriter cette r\u00e9flexion. Il a r\u00e9it\u00e9r\u00e9 la disponibilit\u00e9 des autorit\u00e9s communales \u00e0 accompagner toute initiative visant l\u2019\u00e9panouissement de la jeunesse locale.<\/p>\n<p>Pour le Directeur provincial de l\u2019enseignement secondaire (DPESFPT) de la Sissili, Lawabien Serge To\u00e9, coordonnateur de l\u2019activit\u00e9, les BDIME sont une initiative exclusive de sa direction et r\u00e9pondent \u00e0 une n\u00e9cessit\u00e9 d\u2019adaptation de l\u2019\u00e9cole burkinab\u00e8. Selon lui, il s\u2019agit d\u2019identifier les m\u00e9tiers porteurs au niveau local, de susciter l\u2019int\u00e9r\u00eat des \u00e9l\u00e8ves pour les fili\u00e8res techniques et de valoriser les personnes ressources locales capables de transmettre un savoir-faire.<\/p>\n<p>Pr\u00e9sidant la c\u00e9r\u00e9monie d\u2019ouverture au nom du Haut-Commissaire de la province, le Secr\u00e9taire g\u00e9n\u00e9ral de la province (SGP), Baowinsida Bingo, a soulign\u00e9 l\u2019importance strat\u00e9gique de cette r\u00e9forme. \u00ab Il est imp\u00e9ratif de renforcer l\u2019orientation vers les fili\u00e8res professionnelles pour pr\u00e9parer les \u00e9l\u00e8ves \u00e0 un avenir prometteur et adapt\u00e9 aux r\u00e9alit\u00e9s du terrain \u00bb, a-t-il d\u00e9clar\u00e9, tout en exhortant les parents d\u2019\u00e9l\u00e8ves et les enseignants \u00e0 une implication totale.<\/p>\n<p>Les communications ont permis de d\u00e9tailler les missions des BDIME, notamment la promotion des clubs scolaires de m\u00e9tiers et la valorisation des comp\u00e9tences endog\u00e8nes. Au sortir de cette conf\u00e9rence, les acteurs se disent mieux arm\u00e9s pour dynamiser ces brigades au sein de leurs \u00e9tablissements respectifs, au profit d\u2019une jeunesse burkinab\u00e8 plus entreprenante.<\/p>\n<p><strong>Agence d\u2019Information du Burkina<\/strong><br \/>\n<strong>BAN\/ata<\/strong><\/p>\n","protected":false},"excerpt":{"rendered":"<p>Sissili\/\u00c9ducation : Les acteurs de l\u2019\u00e9ducation s\u2019approprient les Brigades de dynamisation de l\u2019initiation aux m\u00e9tiers dans les \u00e9tablissements secondaires (BDIME) L\u00e9o, 25 avril 2026 (AIB) &#8211; La Direction provinciale de l\u2019Enseignement secondaire, de la Formation professionnelle et technique (DPESFPT) de la Sissili a organis\u00e9, ce samedi 25 avril 2026 \u00e0 L\u00e9o, une conf\u00e9rence provinciale sur [&hellip;]<\/p>\n","protected":false},"author":16,"featured_media":147795,"comment_status":"open","ping_status":"open","sticky":false,"template":"","format":"standard","meta":{"advanced_seo_description":"","jetpack_seo_html_title":"","jetpack_seo_noindex":false,"jetpack_post_was_ever_published":false,"footnotes":""},"categories":[47,173,80,93,203,38,40,111,36],"tags":[],"class_list":{"0":"post-147793","1":"post","2":"type-post","3":"status-publish","4":"format-standard","5":"has-post-thumbnail","7":"category-centre-ouest","8":"category-depeches","9":"category-dossiers","10":"category-flashinfos","11":"category-la-une-aib","12":"category-politique","13":"category-regions","14":"category-sissili","15":"category-societe"},"jetpack_featured_media_url":"https:\/\/i0.wp.com\/www.aib.media\/wp-content\/uploads\/2026\/04\/3-31.jpeg?fit=960%2C432&ssl=1","jetpack_shortlink":"https:\/\/wp.me\/pavbHe-CrL","_links":{"self":[{"href":"https:\/\/www.aib.media\/index.php?rest_route=\/wp\/v2\/posts\/147793","targetHints":{"allow":["GET"]}}],"collection":[{"href":"https:\/\/www.aib.media\/index.php?rest_route=\/wp\/v2\/posts"}],"about":[{"href":"https:\/\/www.aib.media\/index.php?rest_route=\/wp\/v2\/types\/post"}],"author":[{"embeddable":true,"href":"https:\/\/www.aib.media\/index.php?rest_route=\/wp\/v2\/users\/16"}],"replies":[{"embeddable":true,"href":"https:\/\/www.aib.media\/index.php?rest_route=%2Fwp%2Fv2%2Fcomments&post=147793"}],"version-history":[{"count":1,"href":"https:\/\/www.aib.media\/index.php?rest_route=\/wp\/v2\/posts\/147793\/revisions"}],"predecessor-version":[{"id":147796,"href":"https:\/\/www.aib.media\/index.php?rest_route=\/wp\/v2\/posts\/147793\/revisions\/147796"}],"wp:featuredmedia":[{"embeddable":true,"href":"https:\/\/www.aib.media\/index.php?rest_route=\/wp\/v2\/media\/147795"}],"wp:attachment":[{"href":"https:\/\/www.aib.media\/index.php?rest_route=%2Fwp%2Fv2%2Fmedia&parent=147793"}],"wp:term":[{"taxonomy":"category","embeddable":true,"href":"https:\/\/www.aib.media\/index.php?rest_route=%2Fwp%2Fv2%2Fcategories&post=147793"},{"taxonomy":"post_tag","embeddable":true,"href":"https:\/\/www.aib.media\/index.php?rest_route=%2Fwp%2Fv2%2Ftags&post=147793"}],"curies":[{"name":"wp","href":"https:\/\/api.w.org\/{rel}","templated":true}]}}