{"id":147790,"date":"2026-04-28T11:04:08","date_gmt":"2026-04-28T11:04:08","guid":{"rendered":"https:\/\/www.aib.media\/?p=147790"},"modified":"2026-04-28T11:04:08","modified_gmt":"2026-04-28T11:04:08","slug":"burkina-un-collectif-denseignants-se-mobilise-pour-redorer-limage-de-la-profession","status":"publish","type":"post","link":"https:\/\/www.aib.media\/?p=147790","title":{"rendered":"Burkina : un collectif d\u2019enseignants se mobilise pour redorer l\u2019image de la profession"},"content":{"rendered":"<p><strong>Burkina : un collectif d\u2019enseignants se mobilise pour redorer l\u2019image de la profession<\/strong><\/p>\n<p><strong>Ouagadougou, 28 avril 2026 (AIB)-R\u00e9unis en assembl\u00e9e g\u00e9n\u00e9rale \u00e9lective, des enseignants burkinab\u00e8 ont proc\u00e9d\u00e9, samedi 25 avril 2026 \u00e0 Ouagadougou, \u00e0 la mise en place d\u2019un collectif regroupant les professionnels du syst\u00e8me \u00e9ducatif, avec pour ambition de redorer l\u2019image de la profession. \u00c0 travers cette initiative, les membres entendent structurer leurs actions autour de campagnes de communication, de sensibilisation et de plaidoyer en faveur de la valorisation du m\u00e9tier d\u2019enseignant.<\/strong><\/p>\n<p>Selon la responsable du collectif, Fatimata Lankoand\u00e9, la cr\u00e9ation de cette structure r\u00e9pond \u00e0 la n\u00e9cessit\u00e9 de contrer les discours d\u00e9pr\u00e9ciatifs relay\u00e9s, notamment sur les r\u00e9seaux sociaux.Ces propos, a-t-elle soulign\u00e9, sont de nature \u00e0 fragiliser la cr\u00e9dibilit\u00e9 des enseignants et \u00e0 affecter la relation de confiance avec les apprenants.\u00ab Les enfants auront du mal \u00e0 croire en lui, \u00e0 le consid\u00e9rer comme un mod\u00e8le et \u00e0 s\u2019en inspirer si l\u2019enseignant est d\u00e9nigr\u00e9 au quotidien \u00bb, a-t-elle indiqu\u00e9.<\/p>\n<p>Le collectif se donne ainsi pour mission de promouvoir une image positive de l\u2019enseignant, en mettant en avant son r\u00f4le essentiel dans la formation des citoyens et le d\u00e9veloppement du pays.<\/p>\n<p>Elle a, par ailleurs, appel\u00e9 les enseignants \u00e0 rester concentr\u00e9s sur leur mission principale, qui est d\u2019\u00e9duquer, rappelant qu\u2019ils sont conscients de leur engagement pour le bien du syst\u00e8me \u00e9ducatif.<\/p>\n<p>Professeur certifi\u00e9 de philosophie, Kansoundiba Namoano a salu\u00e9 la participation, la d\u00e9termination et l\u2019engagement de ses coll\u00e8gues, qu\u2019il consid\u00e8re comme des motifs de satisfaction \u00e0 l\u2019issue de cette assembl\u00e9e g\u00e9n\u00e9rale.<\/p>\n<p>Selon lui, la restauration de l\u2019image de l\u2019enseignant appelle \u00e0 l\u2019implication de tous les acteurs, afin de faire de la transformation positive de la soci\u00e9t\u00e9 une r\u00e9alit\u00e9.<\/p>\n<p><strong>Agence d\u2019information du Burkina<\/strong><br \/>\n<strong>NAK\/ata<\/strong><\/p>\n","protected":false},"excerpt":{"rendered":"<p>Burkina : un collectif d\u2019enseignants se mobilise pour redorer l\u2019image de la profession Ouagadougou, 28 avril 2026 (AIB)-R\u00e9unis en assembl\u00e9e g\u00e9n\u00e9rale \u00e9lective, des enseignants burkinab\u00e8 ont proc\u00e9d\u00e9, samedi 25 avril 2026 \u00e0 Ouagadougou, \u00e0 la mise en place d\u2019un collectif regroupant les professionnels du syst\u00e8me \u00e9ducatif, avec pour ambition de redorer l\u2019image de la profession. [&hellip;]<\/p>\n","protected":false},"author":16,"featured_media":147791,"comment_status":"open","ping_status":"open","sticky":false,"template":"","format":"standard","meta":{"advanced_seo_description":"","jetpack_seo_html_title":"","jetpack_seo_noindex":false,"jetpack_post_was_ever_published":false,"footnotes":""},"categories":[42,173,80,93,203,38,40,36],"tags":[],"class_list":{"0":"post-147790","1":"post","2":"type-post","3":"status-publish","4":"format-standard","5":"has-post-thumbnail","7":"category-centre","8":"category-depeches","9":"category-dossiers","10":"category-flashinfos","11":"category-la-une-aib","12":"category-politique","13":"category-regions","14":"category-societe"},"jetpack_featured_media_url":"https:\/\/i0.wp.com\/www.aib.media\/wp-content\/uploads\/2026\/04\/2-57.jpeg?fit=1280%2C853&ssl=1","jetpack_shortlink":"https:\/\/wp.me\/pavbHe-CrI","_links":{"self":[{"href":"https:\/\/www.aib.media\/index.php?rest_route=\/wp\/v2\/posts\/147790","targetHints":{"allow":["GET"]}}],"collection":[{"href":"https:\/\/www.aib.media\/index.php?rest_route=\/wp\/v2\/posts"}],"about":[{"href":"https:\/\/www.aib.media\/index.php?rest_route=\/wp\/v2\/types\/post"}],"author":[{"embeddable":true,"href":"https:\/\/www.aib.media\/index.php?rest_route=\/wp\/v2\/users\/16"}],"replies":[{"embeddable":true,"href":"https:\/\/www.aib.media\/index.php?rest_route=%2Fwp%2Fv2%2Fcomments&post=147790"}],"version-history":[{"count":1,"href":"https:\/\/www.aib.media\/index.php?rest_route=\/wp\/v2\/posts\/147790\/revisions"}],"predecessor-version":[{"id":147792,"href":"https:\/\/www.aib.media\/index.php?rest_route=\/wp\/v2\/posts\/147790\/revisions\/147792"}],"wp:featuredmedia":[{"embeddable":true,"href":"https:\/\/www.aib.media\/index.php?rest_route=\/wp\/v2\/media\/147791"}],"wp:attachment":[{"href":"https:\/\/www.aib.media\/index.php?rest_route=%2Fwp%2Fv2%2Fmedia&parent=147790"}],"wp:term":[{"taxonomy":"category","embeddable":true,"href":"https:\/\/www.aib.media\/index.php?rest_route=%2Fwp%2Fv2%2Fcategories&post=147790"},{"taxonomy":"post_tag","embeddable":true,"href":"https:\/\/www.aib.media\/index.php?rest_route=%2Fwp%2Fv2%2Ftags&post=147790"}],"curies":[{"name":"wp","href":"https:\/\/api.w.org\/{rel}","templated":true}]}}