{"id":147780,"date":"2026-04-28T00:44:34","date_gmt":"2026-04-28T00:44:34","guid":{"rendered":"https:\/\/www.aib.media\/?p=147780"},"modified":"2026-04-28T00:44:34","modified_gmt":"2026-04-28T00:44:34","slug":"snc-2026-le-ministre-de-la-solidarite-invite-les-competiteurs-en-arts-culinaires-a-faire-preuve-de-creativite-et-dauthenticite","status":"publish","type":"post","link":"https:\/\/www.aib.media\/?p=147780","title":{"rendered":"SNC 2026 : Le ministre de la Solidarit\u00e9 invite les comp\u00e9titeurs en arts culinaires \u00e0 faire preuve de cr\u00e9ativit\u00e9 et d\u2019authenticit\u00e9"},"content":{"rendered":"<p><strong>Burkina-SNC-Lancement-Comp\u00e9tition-Art-Culinaire<\/strong><\/p>\n<p><strong> SNC 2026 : Le ministre de la Solidarit\u00e9 invite les comp\u00e9titeurs en arts culinaires \u00e0 faire preuve de cr\u00e9ativit\u00e9 et d\u2019authenticit\u00e9 <\/strong><\/p>\n<p><strong>Bobo-Dioulasso, 27 avr. 2026 (AIB) \u2013 La ministre de la Solidarit\u00e9 et de la Famille, le lieutenant-colonel P\u00e9lagie Kabr\u00e9\/Kabor\u00e9, a lanc\u00e9 lundi \u00e0 Bobo-Dioulasso les comp\u00e9titions en arts culinaires dans le cadre de la 22e \u00e9dition de la Semaine nationale de la culture (SNC), invitant les comp\u00e9titeurs \u00e0 la cr\u00e9ativit\u00e9 et \u00e0 l\u2019authenticit\u00e9 en proposant des plats \u00e0 la hauteur de la richesse du patrimoine culinaire national.<\/strong><\/p>\n<p><iframe loading=\"lazy\" title=\"SNC 2026 : Lancement Comp\u00e9titions arts culinaires\" width=\"696\" height=\"392\" src=\"https:\/\/www.youtube.com\/embed\/6eCzQllCEqM?feature=oembed\" frameborder=\"0\" allow=\"accelerometer; autoplay; clipboard-write; encrypted-media; gyroscope; picture-in-picture; web-share\" referrerpolicy=\"strict-origin-when-cross-origin\" allowfullscreen><\/iframe><\/p>\n","protected":false},"excerpt":{"rendered":"<p>Burkina-SNC-Lancement-Comp\u00e9tition-Art-Culinaire SNC 2026 : Le ministre de la Solidarit\u00e9 invite les comp\u00e9titeurs en arts culinaires \u00e0 faire preuve de cr\u00e9ativit\u00e9 et d\u2019authenticit\u00e9 Bobo-Dioulasso, 27 avr. 2026 (AIB) \u2013 La ministre de la Solidarit\u00e9 et de la Famille, le lieutenant-colonel P\u00e9lagie Kabr\u00e9\/Kabor\u00e9, a lanc\u00e9 lundi \u00e0 Bobo-Dioulasso les comp\u00e9titions en arts culinaires dans le cadre de [&hellip;]<\/p>\n","protected":false},"author":15,"featured_media":147781,"comment_status":"open","ping_status":"open","sticky":false,"template":"","format":"video","meta":{"advanced_seo_description":"","jetpack_seo_html_title":"","jetpack_seo_noindex":false,"jetpack_post_was_ever_published":false,"footnotes":""},"categories":[65,85],"tags":[],"class_list":{"0":"post-147780","1":"post","2":"type-post","3":"status-publish","4":"format-video","5":"has-post-thumbnail","7":"category-snc","8":"category-video","9":"post_format-post-format-video"},"jetpack_featured_media_url":"https:\/\/i0.wp.com\/www.aib.media\/wp-content\/uploads\/2026\/04\/V8.png?fit=904%2C466&ssl=1","jetpack_shortlink":"https:\/\/wp.me\/pavbHe-Cry","_links":{"self":[{"href":"https:\/\/www.aib.media\/index.php?rest_route=\/wp\/v2\/posts\/147780","targetHints":{"allow":["GET"]}}],"collection":[{"href":"https:\/\/www.aib.media\/index.php?rest_route=\/wp\/v2\/posts"}],"about":[{"href":"https:\/\/www.aib.media\/index.php?rest_route=\/wp\/v2\/types\/post"}],"author":[{"embeddable":true,"href":"https:\/\/www.aib.media\/index.php?rest_route=\/wp\/v2\/users\/15"}],"replies":[{"embeddable":true,"href":"https:\/\/www.aib.media\/index.php?rest_route=%2Fwp%2Fv2%2Fcomments&post=147780"}],"version-history":[{"count":1,"href":"https:\/\/www.aib.media\/index.php?rest_route=\/wp\/v2\/posts\/147780\/revisions"}],"predecessor-version":[{"id":147782,"href":"https:\/\/www.aib.media\/index.php?rest_route=\/wp\/v2\/posts\/147780\/revisions\/147782"}],"wp:featuredmedia":[{"embeddable":true,"href":"https:\/\/www.aib.media\/index.php?rest_route=\/wp\/v2\/media\/147781"}],"wp:attachment":[{"href":"https:\/\/www.aib.media\/index.php?rest_route=%2Fwp%2Fv2%2Fmedia&parent=147780"}],"wp:term":[{"taxonomy":"category","embeddable":true,"href":"https:\/\/www.aib.media\/index.php?rest_route=%2Fwp%2Fv2%2Fcategories&post=147780"},{"taxonomy":"post_tag","embeddable":true,"href":"https:\/\/www.aib.media\/index.php?rest_route=%2Fwp%2Fv2%2Ftags&post=147780"}],"curies":[{"name":"wp","href":"https:\/\/api.w.org\/{rel}","templated":true}]}}