{"id":147773,"date":"2026-04-28T00:03:30","date_gmt":"2026-04-28T00:03:30","guid":{"rendered":"https:\/\/www.aib.media\/?p=147773"},"modified":"2026-04-28T00:03:30","modified_gmt":"2026-04-28T00:03:30","slug":"bobo-dioulasso-27-avril-2026-aib-reaction-du-premier-ministre-rimtalba-jean-emmanuel-ouedraogo-a-lissue-du-lancement-du-manifeste-de-la-revolution-progressiste-populaire-rpp-au-stand","status":"publish","type":"post","link":"https:\/\/www.aib.media\/?p=147773","title":{"rendered":"Bobo-Dioulasso, 27 avril 2026 (AIB)-R\u00e9action du Premier ministre Rimtalba Jean Emmanuel OU\u00c9DRAOGO \u00e0 l\u2019issue du lancement du Manifeste de la R\u00e9volution Progressiste Populaire (RPP) au stand \u2018\u2019Koulouba\u2019\u2019 de la Pr\u00e9sidence du Faso, sis \u00e0 la Maison de la Culture Mgr Anselme-Titianma-SANON"},"content":{"rendered":"<p><strong>Bobo-Dioulasso, 27 avril 2026 (AIB)-R\u00e9action du Premier ministre Rimtalba Jean Emmanuel OU\u00c9DRAOGO \u00e0 l\u2019issue du lancement du Manifeste de la R\u00e9volution Progressiste Populaire (RPP) au stand \u2018\u2019Koulouba\u2019\u2019 de la Pr\u00e9sidence du Faso, sis \u00e0 la Maison de la Culture Mgr Anselme-Titianma-SANON<\/strong>.<\/p>\n<p><iframe loading=\"lazy\" title=\"OUVERTURE DU STAND KOULOUBA DE LA PRESIDENCE DU FASO\" width=\"696\" height=\"392\" src=\"https:\/\/www.youtube.com\/embed\/FXtvehnfJVQ?feature=oembed\" frameborder=\"0\" allow=\"accelerometer; autoplay; clipboard-write; encrypted-media; gyroscope; picture-in-picture; web-share\" referrerpolicy=\"strict-origin-when-cross-origin\" allowfullscreen><\/iframe><\/p>\n","protected":false},"excerpt":{"rendered":"<p>Bobo-Dioulasso, 27 avril 2026 (AIB)-R\u00e9action du Premier ministre Rimtalba Jean Emmanuel OU\u00c9DRAOGO \u00e0 l\u2019issue du lancement du Manifeste de la R\u00e9volution Progressiste Populaire (RPP) au stand \u2018\u2019Koulouba\u2019\u2019 de la Pr\u00e9sidence du Faso, sis \u00e0 la Maison de la Culture Mgr Anselme-Titianma-SANON.<\/p>\n","protected":false},"author":15,"featured_media":147774,"comment_status":"open","ping_status":"open","sticky":false,"template":"","format":"video","meta":{"advanced_seo_description":"","jetpack_seo_html_title":"","jetpack_seo_noindex":false,"jetpack_post_was_ever_published":false,"footnotes":""},"categories":[85],"tags":[],"class_list":{"0":"post-147773","1":"post","2":"type-post","3":"status-publish","4":"format-video","5":"has-post-thumbnail","7":"category-video","8":"post_format-post-format-video"},"jetpack_featured_media_url":"https:\/\/i0.wp.com\/www.aib.media\/wp-content\/uploads\/2026\/04\/V6.png?fit=928%2C537&ssl=1","jetpack_shortlink":"https:\/\/wp.me\/pavbHe-Crr","_links":{"self":[{"href":"https:\/\/www.aib.media\/index.php?rest_route=\/wp\/v2\/posts\/147773","targetHints":{"allow":["GET"]}}],"collection":[{"href":"https:\/\/www.aib.media\/index.php?rest_route=\/wp\/v2\/posts"}],"about":[{"href":"https:\/\/www.aib.media\/index.php?rest_route=\/wp\/v2\/types\/post"}],"author":[{"embeddable":true,"href":"https:\/\/www.aib.media\/index.php?rest_route=\/wp\/v2\/users\/15"}],"replies":[{"embeddable":true,"href":"https:\/\/www.aib.media\/index.php?rest_route=%2Fwp%2Fv2%2Fcomments&post=147773"}],"version-history":[{"count":1,"href":"https:\/\/www.aib.media\/index.php?rest_route=\/wp\/v2\/posts\/147773\/revisions"}],"predecessor-version":[{"id":147775,"href":"https:\/\/www.aib.media\/index.php?rest_route=\/wp\/v2\/posts\/147773\/revisions\/147775"}],"wp:featuredmedia":[{"embeddable":true,"href":"https:\/\/www.aib.media\/index.php?rest_route=\/wp\/v2\/media\/147774"}],"wp:attachment":[{"href":"https:\/\/www.aib.media\/index.php?rest_route=%2Fwp%2Fv2%2Fmedia&parent=147773"}],"wp:term":[{"taxonomy":"category","embeddable":true,"href":"https:\/\/www.aib.media\/index.php?rest_route=%2Fwp%2Fv2%2Fcategories&post=147773"},{"taxonomy":"post_tag","embeddable":true,"href":"https:\/\/www.aib.media\/index.php?rest_route=%2Fwp%2Fv2%2Ftags&post=147773"}],"curies":[{"name":"wp","href":"https:\/\/api.w.org\/{rel}","templated":true}]}}