{"id":147754,"date":"2026-04-27T22:29:35","date_gmt":"2026-04-27T22:29:35","guid":{"rendered":"https:\/\/www.aib.media\/?p=147754"},"modified":"2026-04-27T22:29:35","modified_gmt":"2026-04-27T22:29:35","slug":"snc-2026-la-ministre-de-la-solidarite-invite-les-competiteurs-en-arts-culinaires-a-faire-preuve-de-creativite-et-dauthenticite","status":"publish","type":"post","link":"https:\/\/www.aib.media\/?p=147754","title":{"rendered":"SNC 2026 : La ministre de la Solidarit\u00e9 invite les comp\u00e9titeurs en arts culinaires \u00e0 faire preuve de cr\u00e9ativit\u00e9 et d\u2019authenticit\u00e9"},"content":{"rendered":"<p>Burkina-SNC-Lancement-Comp\u00e9tition-Art-Culinaire<\/p>\n<p><strong>SNC 2026 : La ministre de la Solidarit\u00e9 invite les comp\u00e9titeurs en arts culinaires \u00e0 faire preuve de cr\u00e9ativit\u00e9 et d\u2019authenticit\u00e9<\/strong><\/p>\n<p><strong>Bobo-Dioulasso, 27 avr. 2026 (AIB)-La ministre de la Solidarit\u00e9 et de la Famille, le lieutenant-colonel P\u00e9lagie Kabr\u00e9\/Kabor\u00e9, a lanc\u00e9 lundi \u00e0 Bobo-Dioulasso les comp\u00e9titions en arts culinaires dans le cadre de la 22e \u00e9dition de la Semaine nationale de la culture (SNC), invitant les comp\u00e9titeurs \u00e0 la cr\u00e9ativit\u00e9 et \u00e0 l\u2019authenticit\u00e9 en proposant des plats \u00e0 la hauteur de la richesse du patrimoine culinaire national.<\/strong><\/p>\n<p>\u00ab Chers comp\u00e9titeurs, je vous invite \u00e0 faire preuve de cr\u00e9ativit\u00e9, d&rsquo;excellence et d&rsquo;authenticit\u00e9. Que vos r\u00e9alisations soient \u00e0 la hauteur de la richesse de notre patrimoine culinaire et qu&rsquo;elles contribuent \u00e0 renforcer son rayonnement \u00bb, a d\u00e9clar\u00e9 la ministre de la Solidarit\u00e9 et de la Famille, le lieutenant-colonel P\u00e9lagie Kabr\u00e9\/Kabor\u00e9.<\/p>\n<p>Au total, 80 plats lourds, 12 plats l\u00e9gers, 14 desserts et 18 boissons seront propos\u00e9s par les 54 comp\u00e9titeurs retenus \u00e0 l\u2019issue des pr\u00e9s\u00e9lections dans les diff\u00e9rentes r\u00e9gions du pays.<\/p>\n<p>Pour la ministre, l\u2019art culinaire constitue un levier important de valorisation des ressources locales et de promotion de la souverainet\u00e9 culturelle et alimentaire.<br \/>\n\u00ab Dans le contexte actuel de notre pays, marqu\u00e9 par une dynamique de reconqu\u00eate et d&rsquo;affirmation de nos valeurs, la promotion de la consommation locale rev\u00eat une importance toute particuli\u00e8re \u00bb, a indiqu\u00e9 le lieutenant-colonel P\u00e9lagie Kabr\u00e9\/Kabor\u00e9.<\/p>\n<p>Selon elle, les comp\u00e9titions en arts culinaires s&rsquo;inscrivent pleinement dans la vision du gouvernement de promouvoir le \u00ab consommer local \u00bb et de \u00ab valoriser nos mets traditionnels \u00bb.<\/p>\n<p>Mme Kabr\u00e9\/Kabor\u00e9 a ajout\u00e9 que cette comp\u00e9tition \u00ab offre un cadre d&rsquo;expression du talent, de valorisation de notre gastronomie et de promotion de l&rsquo;innovation \u00bb.<\/p>\n<p>De son avis, elle constitue \u00e9galement un espace de transmission, d&rsquo;\u00e9change et d&rsquo;apprentissage entre professionnels, passionn\u00e9s et jeunes talents.<\/p>\n<p>\u00ab J&rsquo;invite donc chaque Burkinab\u00e8 \u00e0 s&rsquo;approprier cette dynamique en privil\u00e9giant nos produits locaux et en valorisant nos mets traditionnels. C&rsquo;est ensemble que nous construirons une identit\u00e9 culinaire forte, porteuse de d\u00e9veloppement et de fiert\u00e9 nationale \u00bb, a-t-elle conclu.<\/p>\n<p>La pr\u00e9sidente de la commission art culinaire, Habiba Kot\u00e9, a promis que les acteurs vont lib\u00e9rer leur g\u00e9nie cr\u00e9ateur pour \u00ab nous donner des plats succulents \u00bb.<\/p>\n<p>Les pr\u00e9parations des mets et boissons traditionnels, suivies des d\u00e9gustations, se d\u00e9roulent du 27 au 30 avril 2026 \u00e0 l\u2019Institut national de formation des personnels de l\u2019\u00e9ducation.<\/p>\n<p style=\"text-align: right\"><strong>Agence d\u2019information du Burkina<\/strong><br \/>\n<strong>DNK\/yos<\/strong><\/p>\n","protected":false},"excerpt":{"rendered":"<p>Burkina-SNC-Lancement-Comp\u00e9tition-Art-Culinaire SNC 2026 : La ministre de la Solidarit\u00e9 invite les comp\u00e9titeurs en arts culinaires \u00e0 faire preuve de cr\u00e9ativit\u00e9 et d\u2019authenticit\u00e9 Bobo-Dioulasso, 27 avr. 2026 (AIB)-La ministre de la Solidarit\u00e9 et de la Famille, le lieutenant-colonel P\u00e9lagie Kabr\u00e9\/Kabor\u00e9, a lanc\u00e9 lundi \u00e0 Bobo-Dioulasso les comp\u00e9titions en arts culinaires dans le cadre de la 22e [&hellip;]<\/p>\n","protected":false},"author":15,"featured_media":147755,"comment_status":"open","ping_status":"open","sticky":false,"template":"","format":"standard","meta":{"advanced_seo_description":"","jetpack_seo_html_title":"","jetpack_seo_noindex":false,"jetpack_post_was_ever_published":false,"footnotes":""},"categories":[60,173,93,121,203,65],"tags":[],"class_list":{"0":"post-147754","1":"post","2":"type-post","3":"status-publish","4":"format-standard","5":"has-post-thumbnail","7":"category-culture","8":"category-depeches","9":"category-flashinfos","10":"category-houet","11":"category-la-une-aib","12":"category-snc"},"jetpack_featured_media_url":"https:\/\/i0.wp.com\/www.aib.media\/wp-content\/uploads\/2026\/04\/IMG-20260427-WA0268.jpg?fit=1080%2C810&ssl=1","jetpack_shortlink":"https:\/\/wp.me\/pavbHe-Cr8","_links":{"self":[{"href":"https:\/\/www.aib.media\/index.php?rest_route=\/wp\/v2\/posts\/147754","targetHints":{"allow":["GET"]}}],"collection":[{"href":"https:\/\/www.aib.media\/index.php?rest_route=\/wp\/v2\/posts"}],"about":[{"href":"https:\/\/www.aib.media\/index.php?rest_route=\/wp\/v2\/types\/post"}],"author":[{"embeddable":true,"href":"https:\/\/www.aib.media\/index.php?rest_route=\/wp\/v2\/users\/15"}],"replies":[{"embeddable":true,"href":"https:\/\/www.aib.media\/index.php?rest_route=%2Fwp%2Fv2%2Fcomments&post=147754"}],"version-history":[{"count":1,"href":"https:\/\/www.aib.media\/index.php?rest_route=\/wp\/v2\/posts\/147754\/revisions"}],"predecessor-version":[{"id":147756,"href":"https:\/\/www.aib.media\/index.php?rest_route=\/wp\/v2\/posts\/147754\/revisions\/147756"}],"wp:featuredmedia":[{"embeddable":true,"href":"https:\/\/www.aib.media\/index.php?rest_route=\/wp\/v2\/media\/147755"}],"wp:attachment":[{"href":"https:\/\/www.aib.media\/index.php?rest_route=%2Fwp%2Fv2%2Fmedia&parent=147754"}],"wp:term":[{"taxonomy":"category","embeddable":true,"href":"https:\/\/www.aib.media\/index.php?rest_route=%2Fwp%2Fv2%2Fcategories&post=147754"},{"taxonomy":"post_tag","embeddable":true,"href":"https:\/\/www.aib.media\/index.php?rest_route=%2Fwp%2Fv2%2Ftags&post=147754"}],"curies":[{"name":"wp","href":"https:\/\/api.w.org\/{rel}","templated":true}]}}