{"id":147733,"date":"2026-04-27T17:00:43","date_gmt":"2026-04-27T17:00:43","guid":{"rendered":"https:\/\/www.aib.media\/?p=147733"},"modified":"2026-04-27T17:00:43","modified_gmt":"2026-04-27T17:00:43","slug":"snc-2026-le-ministre-de-la-solidarite-lance-le-marche-des-arts-un-levier-economique-des-industries-culturelles","status":"publish","type":"post","link":"https:\/\/www.aib.media\/?p=147733","title":{"rendered":"SNC 2026 : le ministre de la Solidarit\u00e9 lance le march\u00e9 des arts, un levier \u00e9conomique des industries culturelles"},"content":{"rendered":"<p>Burkina-SNC-March\u00e9-Art-Lancement<\/p>\n<p><strong>SNC 2026 : le ministre de la Solidarit\u00e9 lance le march\u00e9 des arts, un levier \u00e9conomique des industries culturelles<\/strong><\/p>\n<p><strong>Bobo-Dioulasso, 27 avr. 2026 (AIB)\u2013Le ministre en charge de la Solidarit\u00e9 et de la Famille, le lieutenant colonel P\u00e9lagie Kabr\u00e9\/Kabor\u00e9, a lanc\u00e9 lundi le march\u00e9 des arts de la 22e \u00e9dition de la Semaine nationale de la culture (SNC), qu\u2019elle qualifie de levier \u00e9conomique pour structurer les industries culturelles.<\/strong><\/p>\n<p>Aux c\u00f4t\u00e9s de son coll\u00e8gue en charge de la Culture, la ministre de la Solidarit\u00e9 et de la Famille, le lieutenant colonel P\u00e9lagie Kabr\u00e9\/Kabor\u00e9 a ouvert officiellement le march\u00e9 des arts vue comme un instrument strat\u00e9gique de valorisation du patrimoine et de d\u00e9veloppement \u00e9conomique du secteur culturel burkinab\u00e8.<\/p>\n<p>Selon la ministre, la SNC s\u2019est progressivement affirm\u00e9e comme \u00ab un v\u00e9ritable creuset de valorisation du patrimoine culturel, une tribune d\u2019expression pour les talents et un puissant levier de promotion de l\u2019identit\u00e9 burkinab\u00e8 \u00bb. Elle a soulign\u00e9 que cette manifestation permet de c\u00e9l\u00e9brer la diversit\u00e9 culturelle nationale tout en la projetant vers l\u2019avenir.<\/p>\n<p>Inscrit dans cette dynamique, le march\u00e9 des arts vient donner une dimension \u00e9conomique et professionnelle \u00e0 l\u2019\u00e9v\u00e9nement. \u00ab Il ne s\u2019agit plus seulement de c\u00e9l\u00e9brer la culture, mais aussi de l\u2019organiser, de la professionnaliser et de la positionner comme un secteur porteur de croissance \u00bb, a-t-elle indiqu\u00e9.<\/p>\n<p>La plateforme favorise les \u00e9changes entre cr\u00e9ateurs, producteurs, diffuseurs et partenaires, contribuant \u00e0 faire des \u0153uvres culturelles des biens \u00e9conomiques \u00e0 forte valeur ajout\u00e9e. Elle participe ainsi \u00e0 la structuration d\u2019industries culturelles et cr\u00e9atives g\u00e9n\u00e9ratrices d\u2019emplois et de revenus, notamment pour les jeunes.<\/p>\n<p>Les innovations introduites lors de cette 22e \u00e9dition sont entre autres, les formations sur le streaming et les plateformes num\u00e9riques pour am\u00e9liorer la diffusion des \u0153uvres, des masters class anim\u00e9es par des figures connues telles que Seidou Boro, Alif Naba, Kurbi Kuala et Ouafa Belgacem.<\/p>\n<p>Les tables rondes consacr\u00e9es \u00e0 la circulation des \u0153uvres artistiques dans l\u2019espace de l\u2019Alliance des \u00c9tats du Sahel (AES) ouvrent \u00e9galement des perspectives en mati\u00e8re de coop\u00e9ration r\u00e9gionale et de mobilit\u00e9 des artistes.<\/p>\n<p>Pour sa part, le pr\u00e9sident de la commission arts plastiques, Romaric Sanou, a insist\u00e9 sur l\u2019importance de la qualit\u00e9 des participants et des \u0153uvres dans la r\u00e9ussite du march\u00e9 des arts. Il a salu\u00e9 la mobilisation d\u2019experts, de partenaires et de grandes figures culturelles, tant au niveau national qu\u2019international.<\/p>\n<p>Il a \u00e9galement relev\u00e9 l\u2019introduction de nouvelles initiatives telles que les rencontres B2B, les masterclass sur la lev\u00e9e de fonds et les conventions avec des institutions culturelles et partenaires techniques.<\/p>\n<p>En marge du lancement du march\u00e9 des arts les acteurs ont visit\u00e9 les diff\u00e9rentes \u0153uvres d\u2019art plastique en comp\u00e9tition.<\/p>\n<p style=\"text-align: right\"><strong>Agence d\u2019information du Burkina<\/strong><br \/>\n<strong>YOS\/ata<\/strong><\/p>\n","protected":false},"excerpt":{"rendered":"<p>Burkina-SNC-March\u00e9-Art-Lancement SNC 2026 : le ministre de la Solidarit\u00e9 lance le march\u00e9 des arts, un levier \u00e9conomique des industries culturelles Bobo-Dioulasso, 27 avr. 2026 (AIB)\u2013Le ministre en charge de la Solidarit\u00e9 et de la Famille, le lieutenant colonel P\u00e9lagie Kabr\u00e9\/Kabor\u00e9, a lanc\u00e9 lundi le march\u00e9 des arts de la 22e \u00e9dition de la Semaine nationale [&hellip;]<\/p>\n","protected":false},"author":15,"featured_media":147734,"comment_status":"open","ping_status":"open","sticky":false,"template":"","format":"standard","meta":{"advanced_seo_description":"","jetpack_seo_html_title":"","jetpack_seo_noindex":false,"jetpack_post_was_ever_published":false,"footnotes":""},"categories":[60,173,93,121,203,65],"tags":[],"class_list":{"0":"post-147733","1":"post","2":"type-post","3":"status-publish","4":"format-standard","5":"has-post-thumbnail","7":"category-culture","8":"category-depeches","9":"category-flashinfos","10":"category-houet","11":"category-la-une-aib","12":"category-snc"},"jetpack_featured_media_url":"https:\/\/i0.wp.com\/www.aib.media\/wp-content\/uploads\/2026\/04\/IMG-20260427-WA0206.jpg?fit=1280%2C798&ssl=1","jetpack_shortlink":"https:\/\/wp.me\/pavbHe-CqN","_links":{"self":[{"href":"https:\/\/www.aib.media\/index.php?rest_route=\/wp\/v2\/posts\/147733","targetHints":{"allow":["GET"]}}],"collection":[{"href":"https:\/\/www.aib.media\/index.php?rest_route=\/wp\/v2\/posts"}],"about":[{"href":"https:\/\/www.aib.media\/index.php?rest_route=\/wp\/v2\/types\/post"}],"author":[{"embeddable":true,"href":"https:\/\/www.aib.media\/index.php?rest_route=\/wp\/v2\/users\/15"}],"replies":[{"embeddable":true,"href":"https:\/\/www.aib.media\/index.php?rest_route=%2Fwp%2Fv2%2Fcomments&post=147733"}],"version-history":[{"count":1,"href":"https:\/\/www.aib.media\/index.php?rest_route=\/wp\/v2\/posts\/147733\/revisions"}],"predecessor-version":[{"id":147735,"href":"https:\/\/www.aib.media\/index.php?rest_route=\/wp\/v2\/posts\/147733\/revisions\/147735"}],"wp:featuredmedia":[{"embeddable":true,"href":"https:\/\/www.aib.media\/index.php?rest_route=\/wp\/v2\/media\/147734"}],"wp:attachment":[{"href":"https:\/\/www.aib.media\/index.php?rest_route=%2Fwp%2Fv2%2Fmedia&parent=147733"}],"wp:term":[{"taxonomy":"category","embeddable":true,"href":"https:\/\/www.aib.media\/index.php?rest_route=%2Fwp%2Fv2%2Fcategories&post=147733"},{"taxonomy":"post_tag","embeddable":true,"href":"https:\/\/www.aib.media\/index.php?rest_route=%2Fwp%2Fv2%2Ftags&post=147733"}],"curies":[{"name":"wp","href":"https:\/\/api.w.org\/{rel}","templated":true}]}}