{"id":147730,"date":"2026-04-27T16:55:36","date_gmt":"2026-04-27T16:55:36","guid":{"rendered":"https:\/\/www.aib.media\/?p=147730"},"modified":"2026-04-27T16:55:36","modified_gmt":"2026-04-27T16:55:36","slug":"oudalan-le-nouveau-directeur-provincial-de-la-police-nationale-sengage-a-faire-de-la-province-un-havre-de-paix","status":"publish","type":"post","link":"https:\/\/www.aib.media\/?p=147730","title":{"rendered":"Oudalan: le nouveau directeur provincial de la Police nationale s\u2019engage \u00e0 faire de la province un havre de paix"},"content":{"rendered":"<p>Burkina-Oudalan-DPPN-Passation-Charge<\/p>\n<p><strong>Oudalan: le nouveau directeur provincial de la Police nationale s\u2019engage \u00e0 faire de la province un havre de paix<\/strong><\/p>\n<p><strong>Gorom-Gorom, 23 avr. 2026 (AIB) \u2013 Le nouveau directeur provincial de la Police nationale (DPPN) de l\u2019Oudalan, le commissaire principal de police Sawadogo Daouda, a exprim\u00e9, jeudi \u00e0 Gorom-Gorom, sa d\u00e9termination \u00e0 relever les d\u00e9fis s\u00e9curitaires et \u00e0 renforcer la coh\u00e9sion sociale afin de faire de la province un v\u00e9ritable havre de paix, lors de la passation de charge entre lui et son pr\u00e9d\u00e9cesseur.<\/strong><\/p>\n<p>La c\u00e9r\u00e9monie s\u2019est d\u00e9roul\u00e9e sous la pr\u00e9sidence du Haut-commissaire de la province de l\u2019Oudalan, Valentin Mar\u00e9, en pr\u00e9sence des autorit\u00e9s coutumi\u00e8res et religieuses, des corps constitu\u00e9s ainsi que des forces de d\u00e9fense et de s\u00e9curit\u00e9.<\/p>\n<p>Le nouveau directeur provincial a affirm\u00e9 \u00eatre anim\u00e9 par \u00ab la volont\u00e9 de servir avec loyaut\u00e9 et professionnalisme \u00bb. Il s\u2019est engag\u00e9 \u00e0 faire face aux principaux d\u00e9fis de la province, notamment la lutte contre le terrorisme, la garantie des libert\u00e9s individuelles et collectives ainsi que l\u2019am\u00e9lioration de la circulation routi\u00e8re.<\/p>\n<p>Le commissaire principal Sawadogo a dit compter sur l\u2019appui des autorit\u00e9s administratives, coutumi\u00e8res et religieuses, des forces de d\u00e9fense et de s\u00e9curit\u00e9, des Volontaires pour la d\u00e9fense de la patrie (VDP) et de la population.<\/p>\n<p>\u00ab La Police nationale est l\u00e0 pour vous. Elle a besoin de votre accompagnement pour mieux vous servir. Ensemble, dans l\u2019ordre et la discipline, nous ferons de l\u2019Oudalan un havre de paix \u00bb, a-t-il d\u00e9clar\u00e9.<\/p>\n<p>Il a, en outre, exprim\u00e9 sa gratitude aux plus hautes autorit\u00e9s pour la confiance plac\u00e9e en sa personne.<\/p>\n<p>Le directeur sortant, Maouibadan Patrice Nebi\u00e9, a assur\u00e9 sa disponibilit\u00e9 \u00e0 accompagner son successeur et a invit\u00e9 le personnel ainsi que la population \u00e0 lui accorder leur soutien.<\/p>\n<p>Il a \u00e9galement remerci\u00e9 le Haut-commissaire et les populations de la province de l\u2019Oudalan pour leur accompagnement durant sa mission.<\/p>\n<p>Le Haut-commissaire, Valentin Mar\u00e9, a salu\u00e9 la qualit\u00e9 de la collaboration avec le directeur sortant et l\u2019a f\u00e9licit\u00e9 pour les actions men\u00e9es en faveur de la paix.<\/p>\n<p>Il a invit\u00e9 l\u2019ensemble des acteurs \u00e0 accompagner le nouveau DPPN dans l\u2019accomplissement de sa mission.<\/p>\n<p>Le Haut-commissaire a pr\u00e9cis\u00e9 que le commissaire principal sortant, Maouibadan Patrice Nebi\u00e9, a \u00e9t\u00e9 nomm\u00e9 directeur provincial de la Police nationale du Passor\u00e9.<\/p>\n<p style=\"text-align: right\"><strong>Agence d\u2019Information du Burkina<\/strong><br \/>\n<strong>AMM\/bak<\/strong><\/p>\n","protected":false},"excerpt":{"rendered":"<p>Burkina-Oudalan-DPPN-Passation-Charge Oudalan: le nouveau directeur provincial de la Police nationale s\u2019engage \u00e0 faire de la province un havre de paix Gorom-Gorom, 23 avr. 2026 (AIB) \u2013 Le nouveau directeur provincial de la Police nationale (DPPN) de l\u2019Oudalan, le commissaire principal de police Sawadogo Daouda, a exprim\u00e9, jeudi \u00e0 Gorom-Gorom, sa d\u00e9termination \u00e0 relever les d\u00e9fis [&hellip;]<\/p>\n","protected":false},"author":15,"featured_media":147731,"comment_status":"open","ping_status":"open","sticky":false,"template":"","format":"standard","meta":{"advanced_seo_description":"","jetpack_seo_html_title":"","jetpack_seo_noindex":false,"jetpack_post_was_ever_published":false,"footnotes":""},"categories":[173,93,203,131],"tags":[],"class_list":{"0":"post-147730","1":"post","2":"type-post","3":"status-publish","4":"format-standard","5":"has-post-thumbnail","7":"category-depeches","8":"category-flashinfos","9":"category-la-une-aib","10":"category-oudalan"},"jetpack_featured_media_url":"https:\/\/i0.wp.com\/www.aib.media\/wp-content\/uploads\/2026\/04\/IMG-20260427-WA01801.jpg?fit=905%2C643&ssl=1","jetpack_shortlink":"https:\/\/wp.me\/pavbHe-CqK","_links":{"self":[{"href":"https:\/\/www.aib.media\/index.php?rest_route=\/wp\/v2\/posts\/147730","targetHints":{"allow":["GET"]}}],"collection":[{"href":"https:\/\/www.aib.media\/index.php?rest_route=\/wp\/v2\/posts"}],"about":[{"href":"https:\/\/www.aib.media\/index.php?rest_route=\/wp\/v2\/types\/post"}],"author":[{"embeddable":true,"href":"https:\/\/www.aib.media\/index.php?rest_route=\/wp\/v2\/users\/15"}],"replies":[{"embeddable":true,"href":"https:\/\/www.aib.media\/index.php?rest_route=%2Fwp%2Fv2%2Fcomments&post=147730"}],"version-history":[{"count":1,"href":"https:\/\/www.aib.media\/index.php?rest_route=\/wp\/v2\/posts\/147730\/revisions"}],"predecessor-version":[{"id":147732,"href":"https:\/\/www.aib.media\/index.php?rest_route=\/wp\/v2\/posts\/147730\/revisions\/147732"}],"wp:featuredmedia":[{"embeddable":true,"href":"https:\/\/www.aib.media\/index.php?rest_route=\/wp\/v2\/media\/147731"}],"wp:attachment":[{"href":"https:\/\/www.aib.media\/index.php?rest_route=%2Fwp%2Fv2%2Fmedia&parent=147730"}],"wp:term":[{"taxonomy":"category","embeddable":true,"href":"https:\/\/www.aib.media\/index.php?rest_route=%2Fwp%2Fv2%2Fcategories&post=147730"},{"taxonomy":"post_tag","embeddable":true,"href":"https:\/\/www.aib.media\/index.php?rest_route=%2Fwp%2Fv2%2Ftags&post=147730"}],"curies":[{"name":"wp","href":"https:\/\/api.w.org\/{rel}","templated":true}]}}