{"id":147727,"date":"2026-04-27T16:52:47","date_gmt":"2026-04-27T16:52:47","guid":{"rendered":"https:\/\/www.aib.media\/?p=147727"},"modified":"2026-04-27T16:52:47","modified_gmt":"2026-04-27T16:52:47","slug":"zoundweogo-le-rond-point-naba-koanga-inaugure-a-nobere-sous-le-signe-de-la-souverainete-et-de-la-veille-citoyenne","status":"publish","type":"post","link":"https:\/\/www.aib.media\/?p=147727","title":{"rendered":"Zoundw\u00e9ogo: le rond-point \u00ab Naba Koanga \u00bb inaugur\u00e9 \u00e0 Nob\u00e9r\u00e9 sous le signe de la souverainet\u00e9 et de la veille citoyenne"},"content":{"rendered":"<p><strong>Zoundw\u00e9ogo: le rond-point \u00ab Naba Koanga \u00bb inaugur\u00e9 \u00e0 Nob\u00e9r\u00e9 sous le signe de la souverainet\u00e9 et de la veille citoyenne<\/strong><\/p>\n<p><strong>Nob\u00e9r\u00e9, 25 avr. 2026 (AIB) \u2013 La commune de Nob\u00e9r\u00e9 a inaugur\u00e9, samedi, le rond-point \u00ab Naba Koanga \u00bb et plusieurs autres, lors d\u2019une c\u00e9r\u00e9monie ayant mobilis\u00e9 les forces vives de la r\u00e9gion du Nazinon et permis \u00e0 la population de r\u00e9affirmer son soutien \u00e0 la R\u00e9volution progressiste et populaire ainsi que son engagement en faveur de la souverainet\u00e9 du Burkina Faso.<\/strong><\/p>\n<p>Ces infrastructures, au-del\u00e0 de l\u2019embellissement urbain et de l\u2019am\u00e9lioration de la circulation, sont pr\u00e9sent\u00e9es par les autorit\u00e9s locales comme un symbole d\u2019initiatives endog\u00e8nes en soutien \u00e0 la dynamique r\u00e9volutionnaire et \u00e0 la souverainet\u00e9 nationale.<\/p>\n<p>La c\u00e9r\u00e9monie a \u00e9galement \u00e9t\u00e9 marqu\u00e9e par des appels \u00e0 la coh\u00e9sion sociale, \u00e0 la veille citoyenne et au soutien aux efforts de s\u00e9curisation du territoire.<\/p>\n<p>\u00ab La population de Nob\u00e9r\u00e9 demeure unie. L\u2019action de chaque citoyen compte pour garantir notre stabilit\u00e9 \u00bb, a indiqu\u00e9 un repr\u00e9sentant de la veille citoyenne, Djibil Sawadogo.<\/p>\n<p>Les Forces de d\u00e9fense et de s\u00e9curit\u00e9 (FDS) et les Volontaires pour la d\u00e9fense de la patrie (VDP) ont \u00e9t\u00e9 salu\u00e9s pour leurs efforts dans la s\u00e9curisation du pays. Des pri\u00e8res ont \u00e9t\u00e9 formul\u00e9es par les autorit\u00e9s coutumi\u00e8res et religieuses pour la paix et la protection de la nation.<\/p>\n<p>Sur le plan social, l\u2019association \u00ab AES Laguemtaaba \u00bb a remis des attestations \u00e0 303 femmes form\u00e9es en fabrication de savon en poudre et en teinture \u00ab K\u00f4k\u00f4 Dunda \u00bb, dans le cadre de leur autonomisation \u00e9conomique.<\/p>\n<p>La c\u00e9r\u00e9monie, ponctu\u00e9e d\u2019animations culturelles, s\u2019est achev\u00e9e dans une ambiance de mobilisation g\u00e9n\u00e9rale en faveur du d\u00e9veloppement local et de la souverainet\u00e9 du Burkina Faso.<\/p>\n<p style=\"text-align: right\"><strong>Agence d\u2019Information du Burkina<\/strong><br \/>\n<strong>IK\/BGB\/bak<\/strong><\/p>\n","protected":false},"excerpt":{"rendered":"<p>Zoundw\u00e9ogo: le rond-point \u00ab Naba Koanga \u00bb inaugur\u00e9 \u00e0 Nob\u00e9r\u00e9 sous le signe de la souverainet\u00e9 et de la veille citoyenne Nob\u00e9r\u00e9, 25 avr. 2026 (AIB) \u2013 La commune de Nob\u00e9r\u00e9 a inaugur\u00e9, samedi, le rond-point \u00ab Naba Koanga \u00bb et plusieurs autres, lors d\u2019une c\u00e9r\u00e9monie ayant mobilis\u00e9 les forces vives de la r\u00e9gion du [&hellip;]<\/p>\n","protected":false},"author":15,"featured_media":147728,"comment_status":"open","ping_status":"open","sticky":false,"template":"","format":"standard","meta":{"advanced_seo_description":"","jetpack_seo_html_title":"","jetpack_seo_noindex":false,"jetpack_post_was_ever_published":false,"footnotes":""},"categories":[173,93,203,115],"tags":[],"class_list":{"0":"post-147727","1":"post","2":"type-post","3":"status-publish","4":"format-standard","5":"has-post-thumbnail","7":"category-depeches","8":"category-flashinfos","9":"category-la-une-aib","10":"category-zoundwego"},"jetpack_featured_media_url":"https:\/\/i0.wp.com\/www.aib.media\/wp-content\/uploads\/2026\/04\/IMG-20260427-WA01621.jpg?fit=1600%2C1066&ssl=1","jetpack_shortlink":"https:\/\/wp.me\/pavbHe-CqH","_links":{"self":[{"href":"https:\/\/www.aib.media\/index.php?rest_route=\/wp\/v2\/posts\/147727","targetHints":{"allow":["GET"]}}],"collection":[{"href":"https:\/\/www.aib.media\/index.php?rest_route=\/wp\/v2\/posts"}],"about":[{"href":"https:\/\/www.aib.media\/index.php?rest_route=\/wp\/v2\/types\/post"}],"author":[{"embeddable":true,"href":"https:\/\/www.aib.media\/index.php?rest_route=\/wp\/v2\/users\/15"}],"replies":[{"embeddable":true,"href":"https:\/\/www.aib.media\/index.php?rest_route=%2Fwp%2Fv2%2Fcomments&post=147727"}],"version-history":[{"count":1,"href":"https:\/\/www.aib.media\/index.php?rest_route=\/wp\/v2\/posts\/147727\/revisions"}],"predecessor-version":[{"id":147729,"href":"https:\/\/www.aib.media\/index.php?rest_route=\/wp\/v2\/posts\/147727\/revisions\/147729"}],"wp:featuredmedia":[{"embeddable":true,"href":"https:\/\/www.aib.media\/index.php?rest_route=\/wp\/v2\/media\/147728"}],"wp:attachment":[{"href":"https:\/\/www.aib.media\/index.php?rest_route=%2Fwp%2Fv2%2Fmedia&parent=147727"}],"wp:term":[{"taxonomy":"category","embeddable":true,"href":"https:\/\/www.aib.media\/index.php?rest_route=%2Fwp%2Fv2%2Fcategories&post=147727"},{"taxonomy":"post_tag","embeddable":true,"href":"https:\/\/www.aib.media\/index.php?rest_route=%2Fwp%2Fv2%2Ftags&post=147727"}],"curies":[{"name":"wp","href":"https:\/\/api.w.org\/{rel}","templated":true}]}}