{"id":147721,"date":"2026-04-27T16:43:57","date_gmt":"2026-04-27T16:43:57","guid":{"rendered":"https:\/\/www.aib.media\/?p=147721"},"modified":"2026-04-27T16:43:57","modified_gmt":"2026-04-27T16:43:57","slug":"sandbondtenga-developpement-endogene-lorcds-k-appelle-a-plus-dengagement-autour-de-lagence-faso-mebo-a-kaya","status":"publish","type":"post","link":"https:\/\/www.aib.media\/?p=147721","title":{"rendered":"Sandbondtenga\/D\u00e9veloppement endog\u00e8ne: l\u2019ORCDS-K appelle \u00e0 plus d\u2019engagement autour de l\u2019Agence Faso M\u00eabo \u00e0 Kaya"},"content":{"rendered":"<p><strong>Sandbondtenga\/D\u00e9veloppement endog\u00e8ne: l\u2019ORCDS-K appelle \u00e0 plus d\u2019engagement autour de l\u2019Agence Faso M\u00eabo \u00e0 Kaya<\/strong><\/p>\n<p><strong>Kaya, 25 avr. 2026 (AIB) \u2013 La coordination provinciale du Sandbondtenga de l\u2019Organisation R\u00e9gionale de Concertation et de D\u00e9veloppement Socio\u00e9conomique des Kouls\u00e9 (ORCDS-K) a sonn\u00e9 la mobilisation des communaut\u00e9s ce samedi \u00e0 Kaya, afin de renforcer les efforts autour de l\u2019Agence Faso M\u00eabo, lors d\u2019une rencontre avec des leaders communautaires et des personnes-ressources de la province.<\/strong><\/p>\n<p>Selon S. Isma\u00ebl Sawadogo, coordonnateur provincial du Sandbondtenga de l\u2019ORCDS-K, la rencontre visait \u00e0 faire conna\u00eetre les r\u00e9alit\u00e9s des chantiers de l\u2019initiative pr\u00e9sidentielle \u00e0 Kaya et \u00e0 identifier des solutions endog\u00e8nes pour susciter un plus grand engouement autour de Faso M\u00eabo.<\/p>\n<p>\u00ab Malgr\u00e9 l\u2019implication de bonnes volont\u00e9s, l\u2019ampleur de la participation reste insuffisante \u00bb, a soulign\u00e9 Moussa Sawadogo, le repr\u00e9sentant de la province du Sandbondtenga \u00e0 l\u2019Assembl\u00e9e l\u00e9gislative du peuple (ALP).<\/p>\n<p>Le coordonnateur de Faso M\u00eabo \u00e0 Kaya, l\u2019adjudant Soumaila Guiwa, a dress\u00e9 un constat pr\u00e9occupant sur l\u2019avancement des travaux, huit mois apr\u00e8s leur lancement.<\/p>\n<p>Il a rappel\u00e9 que la mission de son \u00e9quipe consiste \u00e0 coordonner les travaux d\u2019embellissement de la ville, r\u00e9alis\u00e9s par les habitants eux-m\u00eames, en collaboration avec les autorit\u00e9s locales.<\/p>\n<p>L\u2019adjudant Guiwa a assur\u00e9 que les travaux se poursuivent malgr\u00e9 l\u2019engagement limit\u00e9 des populations, qui s\u2019adonnent \u00e0 \u00ab plus de prises de photos qu\u2019aux travaux \u00bb sur les sites.<\/p>\n<p>Il a \u00e9galement mis en garde les \u00ab personnes mal intentionn\u00e9es \u00bb dont les comportements tendent \u00e0 d\u00e9courager les bonnes volont\u00e9s, avant d\u2019inviter la population \u00e0 se ressaisir pour l\u2019int\u00e9r\u00eat g\u00e9n\u00e9ral.<\/p>\n<p>Se disant conscients de l\u2019opportunit\u00e9 offerte par la R\u00e9volution progressiste et populaire pour le d\u00e9veloppement des villes, les participants se sont engag\u00e9s \u00e0 s\u2019impliquer activement pour am\u00e9liorer la situation, notamment \u00e0 travers une mobilisation communautaire plus accrue.<\/p>\n<p>Joignant l&rsquo;acte \u00e0 la parole, une cotisation spontan\u00e9e a \u00e9t\u00e9 organis\u00e9e s\u00e9ance tenante au profit de l\u2019Agence.<\/p>\n<p>Les \u00e9changes se sont poursuivis sur les diff\u00e9rents sites des travaux, o\u00f9 les participants ont constat\u00e9 l\u2019\u00e9tat d\u2019avancement et ont donn\u00e9 un coup de main aux travaux sur place.<\/p>\n<p>Selon les organisateurs, de nouvelles mobilisations sont pr\u00e9vues dans les jours \u00e0 venir et un programme de passage par commune et par structure sera \u00e9labor\u00e9 pour acc\u00e9l\u00e9rer l\u2019ex\u00e9cution des travaux.<\/p>\n<p style=\"text-align: right\"><strong>Agence d\u2019information du Burkina<\/strong><br \/>\n<strong>AIO\/bak<\/strong><\/p>\n","protected":false},"excerpt":{"rendered":"<p>Sandbondtenga\/D\u00e9veloppement endog\u00e8ne: l\u2019ORCDS-K appelle \u00e0 plus d\u2019engagement autour de l\u2019Agence Faso M\u00eabo \u00e0 Kaya Kaya, 25 avr. 2026 (AIB) \u2013 La coordination provinciale du Sandbondtenga de l\u2019Organisation R\u00e9gionale de Concertation et de D\u00e9veloppement Socio\u00e9conomique des Kouls\u00e9 (ORCDS-K) a sonn\u00e9 la mobilisation des communaut\u00e9s ce samedi \u00e0 Kaya, afin de renforcer les efforts autour de l\u2019Agence [&hellip;]<\/p>\n","protected":false},"author":15,"featured_media":147722,"comment_status":"open","ping_status":"open","sticky":false,"template":"","format":"standard","meta":{"advanced_seo_description":"","jetpack_seo_html_title":"","jetpack_seo_noindex":false,"jetpack_post_was_ever_published":false,"footnotes":""},"categories":[173,93,203,108],"tags":[],"class_list":{"0":"post-147721","1":"post","2":"type-post","3":"status-publish","4":"format-standard","5":"has-post-thumbnail","7":"category-depeches","8":"category-flashinfos","9":"category-la-une-aib","10":"category-sanmatenga"},"jetpack_featured_media_url":"https:\/\/i0.wp.com\/www.aib.media\/wp-content\/uploads\/2026\/04\/IMG-20260427-WA01461.jpg?fit=960%2C540&ssl=1","jetpack_shortlink":"https:\/\/wp.me\/pavbHe-CqB","_links":{"self":[{"href":"https:\/\/www.aib.media\/index.php?rest_route=\/wp\/v2\/posts\/147721","targetHints":{"allow":["GET"]}}],"collection":[{"href":"https:\/\/www.aib.media\/index.php?rest_route=\/wp\/v2\/posts"}],"about":[{"href":"https:\/\/www.aib.media\/index.php?rest_route=\/wp\/v2\/types\/post"}],"author":[{"embeddable":true,"href":"https:\/\/www.aib.media\/index.php?rest_route=\/wp\/v2\/users\/15"}],"replies":[{"embeddable":true,"href":"https:\/\/www.aib.media\/index.php?rest_route=%2Fwp%2Fv2%2Fcomments&post=147721"}],"version-history":[{"count":1,"href":"https:\/\/www.aib.media\/index.php?rest_route=\/wp\/v2\/posts\/147721\/revisions"}],"predecessor-version":[{"id":147723,"href":"https:\/\/www.aib.media\/index.php?rest_route=\/wp\/v2\/posts\/147721\/revisions\/147723"}],"wp:featuredmedia":[{"embeddable":true,"href":"https:\/\/www.aib.media\/index.php?rest_route=\/wp\/v2\/media\/147722"}],"wp:attachment":[{"href":"https:\/\/www.aib.media\/index.php?rest_route=%2Fwp%2Fv2%2Fmedia&parent=147721"}],"wp:term":[{"taxonomy":"category","embeddable":true,"href":"https:\/\/www.aib.media\/index.php?rest_route=%2Fwp%2Fv2%2Fcategories&post=147721"},{"taxonomy":"post_tag","embeddable":true,"href":"https:\/\/www.aib.media\/index.php?rest_route=%2Fwp%2Fv2%2Ftags&post=147721"}],"curies":[{"name":"wp","href":"https:\/\/api.w.org\/{rel}","templated":true}]}}