{"id":147718,"date":"2026-04-27T16:40:45","date_gmt":"2026-04-27T16:40:45","guid":{"rendered":"https:\/\/www.aib.media\/?p=147718"},"modified":"2026-04-27T16:40:45","modified_gmt":"2026-04-27T16:40:45","slug":"sandbondtenga-journees-culturelles-des-communautes-scolaires-une-premiere-edition-sous-le-signe-de-lunite-et-de-la-resilience","status":"publish","type":"post","link":"https:\/\/www.aib.media\/?p=147718","title":{"rendered":"Sandbondtenga\/Journ\u00e9es Culturelles des Communaut\u00e9s Scolaires : une premi\u00e8re \u00e9dition sous le signe de l\u2019unit\u00e9 et de la r\u00e9silience"},"content":{"rendered":"<p><strong>Sandbondtenga\/Journ\u00e9es Culturelles des Communaut\u00e9s Scolaires : une premi\u00e8re \u00e9dition sous le signe de l\u2019unit\u00e9 et de la r\u00e9silience<\/strong><\/p>\n<p><strong>Kaya, 24 avr. 2026 (AIB) \u2013 La Direction provinciale de l\u2019Enseignement secondaire et de la Formation professionnelle et technique du Sandbondtenga a organis\u00e9 les 23 et 24 avril 2026 la premi\u00e8re \u00e9dition des Journ\u00e9es Culturelles des Communaut\u00e9s Scolaires, sur le th\u00e8me : \u00ab Par nos voix, nos pratiques culturelles et artistiques, unissons-nous pour la paix et la r\u00e9silience ! \u00bb.<\/strong><\/p>\n<p>Les \u00e9l\u00e8ves des lyc\u00e9es et coll\u00e8ges de Sandbondtenga ont c\u00e9l\u00e9br\u00e9 la culture dans un esprit de vivre-ensemble, de paix et de r\u00e9silience. L\u2019\u00e9v\u00e8nement s\u2019est d\u00e9roul\u00e9 au Lyc\u00e9e provincial Moussa Kargougou, r\u00e9unissant \u00e9l\u00e8ves, enseignants et parents d\u2019\u00e9l\u00e8ves autour d\u2019un programme riche et diversifi\u00e9.<\/p>\n<p>Ces 48 heures de la culture ont \u00e9t\u00e9 marqu\u00e9es par une conf\u00e9rence sur la coh\u00e9sion sociale en milieu scolaire, des comp\u00e9titions de danse traditionnelle, de slam et de conte, ainsi qu\u2019une course cycliste f\u00e9minine.<\/p>\n<p>La c\u00e9r\u00e9monie de cl\u00f4ture a \u00e9t\u00e9 marqu\u00e9e par, la proclamation et la remise des prix aux laur\u00e9ats. Des prestations culturelles d\u2019\u00e9l\u00e8ves, un d\u00e9fil\u00e9 des communaut\u00e9s et une d\u00e9gustation de mets locaux ont \u00e9galement marqu\u00e9 la c\u00e9r\u00e9monie.<\/p>\n<p>Le jury, saluant le potentiel culturel et artistique des \u00e9tablissements scolaires, a recommand\u00e9 l\u2019encouragement r\u00e9gulier de pareilles initiatives pour favoriser l\u2019\u00e9panouissement des talents.<\/p>\n<p>Pour le directeur provincial et initiateur de l\u2019\u00e9v\u00e8nement Hamad\u00e9 Tinto, ces journ\u00e9es constituent un cadre privil\u00e9gi\u00e9 de promotion de la coh\u00e9sion sociale, de la paix et de la r\u00e9silience \u00e0 travers la culture et l\u2019art.<\/p>\n<p>\u00ab L\u2019\u00e9cole est le temple de la diversit\u00e9 culturelle, de la fraternit\u00e9 et de l\u2019espoir pour notre jeunesse, au regard du nombre de familles repr\u00e9sent\u00e9es dans chaque \u00e9tablissement \u00bb, a-t-il soulign\u00e9.<\/p>\n<p>Le secr\u00e9taire g\u00e9n\u00e9ral de la province, Pasn\u00e9wend\u00e8 Ou\u00e9draogo repr\u00e9sentant le Haut-commissaire patron de la c\u00e9r\u00e9monie, a rappel\u00e9 le r\u00f4le capital des acteurs de l\u2019\u00e9ducation comme \u00ab jardiniers de cet arbre de la diversit\u00e9 \u00bb.<\/p>\n<p>Il les encourage \u00e0 d\u00e9velopper des initiatives de transmission des valeurs de tol\u00e9rance mutuelle et d\u2019excellence au sein des \u00e9tablissements scolaires.<\/p>\n<p>La premi\u00e8re \u00e9dition des Journ\u00e9es Culturelles des Communaut\u00e9s Scolaires de Sandbondtenga a \u00e9t\u00e9 co-parrain\u00e9e par le Lieutenant-colonel Akim Adewale Adeguerou, commandant du groupement d\u00e9partemental de gendarmerie de D\u00e9dougou, et le Dr Abdoul Razakh Ciss\u00e9, pharmacien \u00e0 Kaya.<\/p>\n<p style=\"text-align: right\"><strong>Agence d\u2019information du Burkina<\/strong><br \/>\n<strong>AIO\/bak<\/strong><\/p>\n","protected":false},"excerpt":{"rendered":"<p>Sandbondtenga\/Journ\u00e9es Culturelles des Communaut\u00e9s Scolaires : une premi\u00e8re \u00e9dition sous le signe de l\u2019unit\u00e9 et de la r\u00e9silience Kaya, 24 avr. 2026 (AIB) \u2013 La Direction provinciale de l\u2019Enseignement secondaire et de la Formation professionnelle et technique du Sandbondtenga a organis\u00e9 les 23 et 24 avril 2026 la premi\u00e8re \u00e9dition des Journ\u00e9es Culturelles des Communaut\u00e9s [&hellip;]<\/p>\n","protected":false},"author":15,"featured_media":147719,"comment_status":"open","ping_status":"open","sticky":false,"template":"","format":"standard","meta":{"advanced_seo_description":"","jetpack_seo_html_title":"","jetpack_seo_noindex":false,"jetpack_post_was_ever_published":false,"footnotes":""},"categories":[60,173,93,203,108],"tags":[],"class_list":{"0":"post-147718","1":"post","2":"type-post","3":"status-publish","4":"format-standard","5":"has-post-thumbnail","7":"category-culture","8":"category-depeches","9":"category-flashinfos","10":"category-la-une-aib","11":"category-sanmatenga"},"jetpack_featured_media_url":"https:\/\/i0.wp.com\/www.aib.media\/wp-content\/uploads\/2026\/04\/IMG-20260427-WA01103.jpg?fit=960%2C540&ssl=1","jetpack_shortlink":"https:\/\/wp.me\/pavbHe-Cqy","_links":{"self":[{"href":"https:\/\/www.aib.media\/index.php?rest_route=\/wp\/v2\/posts\/147718","targetHints":{"allow":["GET"]}}],"collection":[{"href":"https:\/\/www.aib.media\/index.php?rest_route=\/wp\/v2\/posts"}],"about":[{"href":"https:\/\/www.aib.media\/index.php?rest_route=\/wp\/v2\/types\/post"}],"author":[{"embeddable":true,"href":"https:\/\/www.aib.media\/index.php?rest_route=\/wp\/v2\/users\/15"}],"replies":[{"embeddable":true,"href":"https:\/\/www.aib.media\/index.php?rest_route=%2Fwp%2Fv2%2Fcomments&post=147718"}],"version-history":[{"count":1,"href":"https:\/\/www.aib.media\/index.php?rest_route=\/wp\/v2\/posts\/147718\/revisions"}],"predecessor-version":[{"id":147720,"href":"https:\/\/www.aib.media\/index.php?rest_route=\/wp\/v2\/posts\/147718\/revisions\/147720"}],"wp:featuredmedia":[{"embeddable":true,"href":"https:\/\/www.aib.media\/index.php?rest_route=\/wp\/v2\/media\/147719"}],"wp:attachment":[{"href":"https:\/\/www.aib.media\/index.php?rest_route=%2Fwp%2Fv2%2Fmedia&parent=147718"}],"wp:term":[{"taxonomy":"category","embeddable":true,"href":"https:\/\/www.aib.media\/index.php?rest_route=%2Fwp%2Fv2%2Fcategories&post=147718"},{"taxonomy":"post_tag","embeddable":true,"href":"https:\/\/www.aib.media\/index.php?rest_route=%2Fwp%2Fv2%2Ftags&post=147718"}],"curies":[{"name":"wp","href":"https:\/\/api.w.org\/{rel}","templated":true}]}}