{"id":147690,"date":"2026-04-27T13:18:21","date_gmt":"2026-04-27T13:18:21","guid":{"rendered":"https:\/\/www.aib.media\/?p=147690"},"modified":"2026-04-27T13:18:21","modified_gmt":"2026-04-27T13:18:21","slug":"lycee-prive-saint-marc-de-koudougou-les-litteraires-remportent-la-coupe-du-proviseur","status":"publish","type":"post","link":"https:\/\/www.aib.media\/?p=147690","title":{"rendered":"Lyc\u00e9e priv\u00e9 Saint Marc de Koudougou : Les litt\u00e9raires remportent la coupe du proviseur\u00a0"},"content":{"rendered":"<p>BURKINA-BOULKIEMDE-KOUDOUGOU-LSM-COMMEMORATION-FETE-ANNUELLE<\/p>\n<p><strong>Lyc\u00e9e priv\u00e9 Saint Marc de Koudougou : Les litt\u00e9raires remportent la coupe du proviseur\u00a0<\/strong><\/p>\n<p><strong>Koudougou, 27 avr. 2026 (AIB)- \u00c0 l&rsquo;occasion de la comm\u00e9moration de la f\u00eate annuelle du lyc\u00e9e Saint Marc de Koudougou, les \u00e9l\u00e8ves de la s\u00e9rie litt\u00e9raire de cet \u00e9tablissement ont remport\u00e9, le samedi 25 avril , la finale de la \u00ab coupe du proviseur \u00bb en football, en s\u2019imposant face \u00e0 leurs camarades de la s\u00e9rie scientifique sur le score de 6 buts \u00e0 3.<\/strong><\/p>\n<p>Le terrain de sport du lyc\u00e9e priv\u00e9 Saint Marc de Koudougou a vibr\u00e9, le samedi 25 avril 2026 dernier au rythme de la finale de la coupe du proviseur.<\/p>\n<p>Dans un duel fratricide mais empreint de fair-play, l&rsquo;\u00e9quipe des litt\u00e9raires a dict\u00e9 sa loi aux scientifiques par une victoire sans appel de 6 buts \u00e0 3.<\/p>\n<p>D\u00e8s l\u2019entame de la rencontre, les futurs \u00ab hommes de lettres \u00bb ont affich\u00e9 leurs ambitions en inscrivant trois buts successifs, dominant une \u00e9quipe scientifique accul\u00e9e.<\/p>\n<p>\u00c0 la pause, le marquoir affichait d\u00e9j\u00e0 3 buts \u00e0 1 en faveur des litt\u00e9raires.<\/p>\n<p>Malgr\u00e9 un sursaut d&rsquo;orgueil des scientifiques en seconde p\u00e9riode, la d\u00e9fense adverse, port\u00e9e par un portier des grands jours, est rest\u00e9e de marbre.<\/p>\n<p>Les litt\u00e9raires, plus inspir\u00e9s, ont scell\u00e9 le sort du match en portant le score final \u00e0 6-3, s\u2019adjugeant ainsi le pr\u00e9cieux troph\u00e9e sous les ovations d&rsquo;un public en liesse.<\/p>\n<p>Pour le proviseur du lyc\u00e9e, Paulin Ou\u00e9draogo, au-del\u00e0 de l&rsquo;aspect comp\u00e9titif, cette rencontre est un puissant vecteur de coh\u00e9sion. \u00ab Le sport est un facteur de coh\u00e9sion sociale. L\u2019\u00e9ducation ne se limite pas aux quatre murs de la classe ; le sport permet \u00e0 nos enfants de s\u2019\u00e9panouir et de s\u2019exprimer \u00bb, a-t-il soutenu, tout en se f\u00e9licitant de l&rsquo;engagement des apprenants.<\/p>\n<p>Le fondateur de l\u2019\u00e9tablissement, Marc Zongo, pr\u00e9sent \u00e0 la c\u00e9r\u00e9monie, a tenu \u00e0 saluer le dynamisme de l\u2019\u00e9quipe d&rsquo;encadrement qui fait honneur \u00e0 l&rsquo;institution. Il a profit\u00e9 de cette tribune pour inviter les acteurs de l&rsquo;\u00e9ducation \u00e0 redoubler d&rsquo;efforts pour garantir un \u00ab avenir radieux \u00bb aux \u00e9l\u00e8ves. M. Zongo a conclu son propos en exhortant les parents d\u2019\u00e9l\u00e8ves \u00e0 s\u2019impliquer davantage dans le suivi \u00e9ducatif de leur prog\u00e9niture.<\/p>\n<p>En rappel, cette c\u00e9l\u00e9bration sportive co\u00efncidait avec la f\u00eate annuelle de l\u2019\u00e9tablissement, traditionnellement c\u00e9l\u00e9br\u00e9e chaque 25 avril.<\/p>\n<p><strong>Agence d\u2019Information du Burkina\u00a0<\/strong><\/p>\n<p><strong>IO\/PB\/AS\/ATA<\/strong><\/p>\n","protected":false},"excerpt":{"rendered":"<p>BURKINA-BOULKIEMDE-KOUDOUGOU-LSM-COMMEMORATION-FETE-ANNUELLE Lyc\u00e9e priv\u00e9 Saint Marc de Koudougou : Les litt\u00e9raires remportent la coupe du proviseur\u00a0 Koudougou, 27 avr. 2026 (AIB)- \u00c0 l&rsquo;occasion de la comm\u00e9moration de la f\u00eate annuelle du lyc\u00e9e Saint Marc de Koudougou, les \u00e9l\u00e8ves de la s\u00e9rie litt\u00e9raire de cet \u00e9tablissement ont remport\u00e9, le samedi 25 avril , la finale de la [&hellip;]<\/p>\n","protected":false},"author":16,"featured_media":147691,"comment_status":"open","ping_status":"open","sticky":false,"template":"","format":"standard","meta":{"advanced_seo_description":"","jetpack_seo_html_title":"","jetpack_seo_noindex":false,"jetpack_post_was_ever_published":false,"footnotes":""},"categories":[109,47,173,80,93,71,203,38,40,39],"tags":[],"class_list":{"0":"post-147690","1":"post","2":"type-post","3":"status-publish","4":"format-standard","5":"has-post-thumbnail","7":"category-boulkiemde","8":"category-centre-ouest","9":"category-depeches","10":"category-dossiers","11":"category-flashinfos","12":"category-football","13":"category-la-une-aib","14":"category-politique","15":"category-regions","16":"category-sport"},"jetpack_featured_media_url":"https:\/\/i0.wp.com\/www.aib.media\/wp-content\/uploads\/2026\/04\/IMG-20260427-WA0072.jpg?fit=1080%2C560&ssl=1","jetpack_shortlink":"https:\/\/wp.me\/pavbHe-Cq6","_links":{"self":[{"href":"https:\/\/www.aib.media\/index.php?rest_route=\/wp\/v2\/posts\/147690","targetHints":{"allow":["GET"]}}],"collection":[{"href":"https:\/\/www.aib.media\/index.php?rest_route=\/wp\/v2\/posts"}],"about":[{"href":"https:\/\/www.aib.media\/index.php?rest_route=\/wp\/v2\/types\/post"}],"author":[{"embeddable":true,"href":"https:\/\/www.aib.media\/index.php?rest_route=\/wp\/v2\/users\/16"}],"replies":[{"embeddable":true,"href":"https:\/\/www.aib.media\/index.php?rest_route=%2Fwp%2Fv2%2Fcomments&post=147690"}],"version-history":[{"count":1,"href":"https:\/\/www.aib.media\/index.php?rest_route=\/wp\/v2\/posts\/147690\/revisions"}],"predecessor-version":[{"id":147692,"href":"https:\/\/www.aib.media\/index.php?rest_route=\/wp\/v2\/posts\/147690\/revisions\/147692"}],"wp:featuredmedia":[{"embeddable":true,"href":"https:\/\/www.aib.media\/index.php?rest_route=\/wp\/v2\/media\/147691"}],"wp:attachment":[{"href":"https:\/\/www.aib.media\/index.php?rest_route=%2Fwp%2Fv2%2Fmedia&parent=147690"}],"wp:term":[{"taxonomy":"category","embeddable":true,"href":"https:\/\/www.aib.media\/index.php?rest_route=%2Fwp%2Fv2%2Fcategories&post=147690"},{"taxonomy":"post_tag","embeddable":true,"href":"https:\/\/www.aib.media\/index.php?rest_route=%2Fwp%2Fv2%2Ftags&post=147690"}],"curies":[{"name":"wp","href":"https:\/\/api.w.org\/{rel}","templated":true}]}}