{"id":147681,"date":"2026-04-27T10:54:53","date_gmt":"2026-04-27T10:54:53","guid":{"rendered":"https:\/\/www.aib.media\/?p=147681"},"modified":"2026-04-27T10:54:53","modified_gmt":"2026-04-27T10:54:53","slug":"une-journee-culturelle-inter-etablissements-pour-magnifier-la-cohesion-sociale","status":"publish","type":"post","link":"https:\/\/www.aib.media\/?p=147681","title":{"rendered":"Une journ\u00e9e culturelle inter-\u00e9tablissements pour magnifier la coh\u00e9sion sociale\u00a0"},"content":{"rendered":"<p>BURKINA-BOULKIEMDE-KOKOLOGHO-JOURNEE-CULTURELLE-INTER-ETABLISSEMENTS<\/p>\n<p><strong>Une journ\u00e9e culturelle inter-\u00e9tablissements pour magnifier la coh\u00e9sion sociale\u00a0<\/strong><\/p>\n<p><strong>Kokologho, 27 avr. 2026 (AIB) \u2013 La jeunesse de la commune de Kokologho a c\u00e9l\u00e9br\u00e9, le samedi 25 avril, une journ\u00e9e culturelle inter-\u00e9tablissements plac\u00e9e sous le signe de la coh\u00e9sion sociale.\u00a0<\/strong><\/p>\n<p>&nbsp;<\/p>\n<p>Organis\u00e9e autour du th\u00e8me \u00ab Jeunesse responsable, un avenir meilleur \u00bb, cette immersion culturelle a mobilis\u00e9 autorit\u00e9s locales, coutumi\u00e8res et scolaires dans la salle de conf\u00e9rence de la commune.<\/p>\n<p>&nbsp;<\/p>\n<p>L\u2019initiative, port\u00e9e par les acteurs \u00e9ducatifs locaux, vise un objectif clair, celui de renforcer la r\u00e9silience et la coh\u00e9sion entre les populations de Kokologho, le corps enseignant et les \u00e9l\u00e8ves. Au-del\u00e0 du brassage, il s\u2019agit de stimuler l\u2019engagement citoyen et la solidarit\u00e9 des jeunes pour b\u00e2tir un avenir serein.<\/p>\n<p>&nbsp;<\/p>\n<p>Le Pr\u00e9sident de la d\u00e9l\u00e9gation sp\u00e9ciale (PDS) de Kokologho, invit\u00e9 d\u2019honneur de la c\u00e9r\u00e9monie, a exprim\u00e9 sa satisfaction face \u00e0 la mobilisation. Il a tenu \u00e0 saluer l\u2019esprit cr\u00e9atif des \u00e9l\u00e8ves et la pertinence de cette initiative qui favorise le vivre-ensemble dans un contexte o\u00f9 l&rsquo;union est primordiale.<\/p>\n<p>&nbsp;<\/p>\n<p>Pour le parrain de l&rsquo;\u00e9v\u00e9nement, Sa Majest\u00e9 Naaba Sigri, cette journ\u00e9e est un levier pour la sauvegarde de l&rsquo;identit\u00e9 locale.<\/p>\n<p>\u00ab C&rsquo;est une grande joie pour moi. Je salue les responsables qui ont eu cette initiative de rassembler les \u00e9l\u00e8ves et toute la population pour la p\u00e9rennit\u00e9 de la culture. Je demande aux autorit\u00e9s de soutenir ces jeunes dans leur mission de promotion de l&rsquo;excellence scolaire et de la solidarit\u00e9 \u00bb, a-t-il plaid\u00e9.<\/p>\n<p>&nbsp;<\/p>\n<p>Abondant dans le m\u00eame sens, le co-parrain, Cheick Abdoul Karim Sawadogo, s&rsquo;est dit impressionn\u00e9 par la ferveur de la jeunesse. Selon lui, cette forte mobilisation pour la culture est un signal fort en faveur de la tol\u00e9rance et de la culture de la paix au sein de la commune.<\/p>\n<p>&nbsp;<\/p>\n<p>La journ\u00e9e a \u00e9t\u00e9 marqu\u00e9e par diverses prestations artistiques, illustrant la richesse du patrimoine culturel de la province du Boulkiemd\u00e9, sous le regard bienveillant des leaders religieux et coutumiers.<\/p>\n<p><strong>Agence d&rsquo;Information du Burkina\u00a0<\/strong><\/p>\n<p><strong>LN\/PB\/AS\/ATA<\/strong><\/p>\n","protected":false},"excerpt":{"rendered":"<p>BURKINA-BOULKIEMDE-KOKOLOGHO-JOURNEE-CULTURELLE-INTER-ETABLISSEMENTS Une journ\u00e9e culturelle inter-\u00e9tablissements pour magnifier la coh\u00e9sion sociale\u00a0 Kokologho, 27 avr. 2026 (AIB) \u2013 La jeunesse de la commune de Kokologho a c\u00e9l\u00e9br\u00e9, le samedi 25 avril, une journ\u00e9e culturelle inter-\u00e9tablissements plac\u00e9e sous le signe de la coh\u00e9sion sociale.\u00a0 &nbsp; Organis\u00e9e autour du th\u00e8me \u00ab Jeunesse responsable, un avenir meilleur \u00bb, cette immersion [&hellip;]<\/p>\n","protected":false},"author":16,"featured_media":147682,"comment_status":"open","ping_status":"open","sticky":false,"template":"","format":"standard","meta":{"advanced_seo_description":"","jetpack_seo_html_title":"","jetpack_seo_noindex":false,"jetpack_post_was_ever_published":false,"footnotes":""},"categories":[109,47,60,173,80,93,203,38,40],"tags":[],"class_list":{"0":"post-147681","1":"post","2":"type-post","3":"status-publish","4":"format-standard","5":"has-post-thumbnail","7":"category-boulkiemde","8":"category-centre-ouest","9":"category-culture","10":"category-depeches","11":"category-dossiers","12":"category-flashinfos","13":"category-la-une-aib","14":"category-politique","15":"category-regions"},"jetpack_featured_media_url":"https:\/\/i0.wp.com\/www.aib.media\/wp-content\/uploads\/2026\/04\/IMG-20260427-WA0060.jpg?fit=1040%2C667&ssl=1","jetpack_shortlink":"https:\/\/wp.me\/pavbHe-CpX","_links":{"self":[{"href":"https:\/\/www.aib.media\/index.php?rest_route=\/wp\/v2\/posts\/147681","targetHints":{"allow":["GET"]}}],"collection":[{"href":"https:\/\/www.aib.media\/index.php?rest_route=\/wp\/v2\/posts"}],"about":[{"href":"https:\/\/www.aib.media\/index.php?rest_route=\/wp\/v2\/types\/post"}],"author":[{"embeddable":true,"href":"https:\/\/www.aib.media\/index.php?rest_route=\/wp\/v2\/users\/16"}],"replies":[{"embeddable":true,"href":"https:\/\/www.aib.media\/index.php?rest_route=%2Fwp%2Fv2%2Fcomments&post=147681"}],"version-history":[{"count":1,"href":"https:\/\/www.aib.media\/index.php?rest_route=\/wp\/v2\/posts\/147681\/revisions"}],"predecessor-version":[{"id":147683,"href":"https:\/\/www.aib.media\/index.php?rest_route=\/wp\/v2\/posts\/147681\/revisions\/147683"}],"wp:featuredmedia":[{"embeddable":true,"href":"https:\/\/www.aib.media\/index.php?rest_route=\/wp\/v2\/media\/147682"}],"wp:attachment":[{"href":"https:\/\/www.aib.media\/index.php?rest_route=%2Fwp%2Fv2%2Fmedia&parent=147681"}],"wp:term":[{"taxonomy":"category","embeddable":true,"href":"https:\/\/www.aib.media\/index.php?rest_route=%2Fwp%2Fv2%2Fcategories&post=147681"},{"taxonomy":"post_tag","embeddable":true,"href":"https:\/\/www.aib.media\/index.php?rest_route=%2Fwp%2Fv2%2Ftags&post=147681"}],"curies":[{"name":"wp","href":"https:\/\/api.w.org\/{rel}","templated":true}]}}