{"id":147675,"date":"2026-04-27T10:46:35","date_gmt":"2026-04-27T10:46:35","guid":{"rendered":"https:\/\/www.aib.media\/?p=147675"},"modified":"2026-04-27T10:46:35","modified_gmt":"2026-04-27T10:46:35","slug":"gourma-solidarite-le-lycee-prive-marie-ndiaye-apporte-sa-contribution-a-faso-mebo","status":"publish","type":"post","link":"https:\/\/www.aib.media\/?p=147675","title":{"rendered":"Gourma\/Solidarit\u00e9 : Le lyc\u00e9e priv\u00e9 Marie N\u2019diaye apporte sa contribution \u00e0 Faso M\u00eabo"},"content":{"rendered":"<p>BURKINA-GOURMA-SOLIDARITE-FASO-MEBO<\/p>\n<p><strong>Gourma\/Solidarit\u00e9 : Le lyc\u00e9e priv\u00e9 Marie N\u2019diaye apporte sa contribution \u00e0 Faso M\u00eabo<\/strong><\/p>\n<p><strong>Fada N\u2019Gourma, 25 avr. 2026 (AIB)-Les \u00e9l\u00e8ves du lyc\u00e9e priv\u00e9 Marie N\u2019diaye de Fada N\u2019Gourma, ont pris part sur le site de Faso M\u00eabo, ce samedi 25 avril 2026, aux travaux de ramassage des pav\u00e9s, en appui aux \u00e9quipes d\u00e9j\u00e0 mobilis\u00e9es.<\/strong><\/p>\n<p>Conduits par le proviseur du lyc\u00e9e priv\u00e9 Marie N\u2019diaye de Fada N\u2019Gourma, Issoufou Komi, le personnel administratif ainsi que plus de 170 \u00e9l\u00e8ves de l\u2019\u00e9tablissement, se sont rendus sur le site de Faso M\u00e8bo ce samedi 25 avril 2026, pour participer aux travaux de ramassage des pav\u00e9s, en appui aux \u00e9quipes d\u00e9j\u00e0 mobilis\u00e9es.<\/p>\n<p>En plus de cette contribution, le lyc\u00e9e a fait un don compos\u00e9 de 04 pelles et de 15 packs d\u2019eau, afin de soutenir les efforts sur le terrain.<\/p>\n<p>Selon M. Komi, cette initiative s\u2019inscrit dans une dynamique citoyenne et \u00e9ducative visant \u00e0 inculquer aux apprenants les valeurs de patriotisme, de solidarit\u00e9 et d\u2019engagement communautaire.<\/p>\n<p>Il a \u00e9galement indiqu\u00e9 que cette action n\u2019est qu\u2019une premi\u00e8re \u00e9tape, annon\u00e7ant un second passage de son \u00e9tablissement pour poursuivre l\u2019\u00e9lan de solidarit\u00e9.<\/p>\n<p>La contribution du lyc\u00e9e priv\u00e9 Marie N\u2019diaye vient ainsi renforcer la mobilisation citoyenne autour de Faso M\u00eabo, une initiative qui continue de susciter l\u2019adh\u00e9sion de diverses couches sociales dans la cit\u00e9 de Yendabili.<\/p>\n<p><strong>Agence d\u2019information du Burkina<\/strong><\/p>\n<p><strong>KAC\/HB\/OO<\/strong><\/p>\n","protected":false},"excerpt":{"rendered":"<p>BURKINA-GOURMA-SOLIDARITE-FASO-MEBO Gourma\/Solidarit\u00e9 : Le lyc\u00e9e priv\u00e9 Marie N\u2019diaye apporte sa contribution \u00e0 Faso M\u00eabo Fada N\u2019Gourma, 25 avr. 2026 (AIB)-Les \u00e9l\u00e8ves du lyc\u00e9e priv\u00e9 Marie N\u2019diaye de Fada N\u2019Gourma, ont pris part sur le site de Faso M\u00eabo, ce samedi 25 avril 2026, aux travaux de ramassage des pav\u00e9s, en appui aux \u00e9quipes d\u00e9j\u00e0 mobilis\u00e9es. [&hellip;]<\/p>\n","protected":false},"author":16,"featured_media":147676,"comment_status":"open","ping_status":"open","sticky":false,"template":"","format":"standard","meta":{"advanced_seo_description":"","jetpack_seo_html_title":"","jetpack_seo_noindex":false,"jetpack_post_was_ever_published":false,"footnotes":""},"categories":[173,789,80,49,93,117,203,38,40,36],"tags":[],"class_list":{"0":"post-147675","1":"post","2":"type-post","3":"status-publish","4":"format-standard","5":"has-post-thumbnail","7":"category-depeches","8":"category-developpement","9":"category-dossiers","10":"category-est","11":"category-flashinfos","12":"category-gourma","13":"category-la-une-aib","14":"category-politique","15":"category-regions","16":"category-societe"},"jetpack_featured_media_url":"https:\/\/i0.wp.com\/www.aib.media\/wp-content\/uploads\/2026\/04\/IMG-20260427-WA0050.jpg?fit=1080%2C719&ssl=1","jetpack_shortlink":"https:\/\/wp.me\/pavbHe-CpR","_links":{"self":[{"href":"https:\/\/www.aib.media\/index.php?rest_route=\/wp\/v2\/posts\/147675","targetHints":{"allow":["GET"]}}],"collection":[{"href":"https:\/\/www.aib.media\/index.php?rest_route=\/wp\/v2\/posts"}],"about":[{"href":"https:\/\/www.aib.media\/index.php?rest_route=\/wp\/v2\/types\/post"}],"author":[{"embeddable":true,"href":"https:\/\/www.aib.media\/index.php?rest_route=\/wp\/v2\/users\/16"}],"replies":[{"embeddable":true,"href":"https:\/\/www.aib.media\/index.php?rest_route=%2Fwp%2Fv2%2Fcomments&post=147675"}],"version-history":[{"count":1,"href":"https:\/\/www.aib.media\/index.php?rest_route=\/wp\/v2\/posts\/147675\/revisions"}],"predecessor-version":[{"id":147677,"href":"https:\/\/www.aib.media\/index.php?rest_route=\/wp\/v2\/posts\/147675\/revisions\/147677"}],"wp:featuredmedia":[{"embeddable":true,"href":"https:\/\/www.aib.media\/index.php?rest_route=\/wp\/v2\/media\/147676"}],"wp:attachment":[{"href":"https:\/\/www.aib.media\/index.php?rest_route=%2Fwp%2Fv2%2Fmedia&parent=147675"}],"wp:term":[{"taxonomy":"category","embeddable":true,"href":"https:\/\/www.aib.media\/index.php?rest_route=%2Fwp%2Fv2%2Fcategories&post=147675"},{"taxonomy":"post_tag","embeddable":true,"href":"https:\/\/www.aib.media\/index.php?rest_route=%2Fwp%2Fv2%2Ftags&post=147675"}],"curies":[{"name":"wp","href":"https:\/\/api.w.org\/{rel}","templated":true}]}}