{"id":147669,"date":"2026-04-27T09:53:03","date_gmt":"2026-04-27T09:53:03","guid":{"rendered":"https:\/\/www.aib.media\/?p=147669"},"modified":"2026-04-27T09:53:03","modified_gmt":"2026-04-27T09:53:03","slug":"gourma-faso-mebo-des-contributions-citoyennes-accompagnent-le-developpement-communautaire","status":"publish","type":"post","link":"https:\/\/www.aib.media\/?p=147669","title":{"rendered":"Gourma\/Faso M\u00eabo : Des contributions citoyennes accompagnent le d\u00e9veloppement communautaire"},"content":{"rendered":"<p>BURKINA-GOURMA-SOLIDARITE-FASO-MEBO<\/p>\n<p><strong>Gourma\/Faso M\u00eabo : Des contributions citoyennes accompagnent le d\u00e9veloppement communautaire<\/strong><\/p>\n<p><strong>Fada N\u2019Gourma, 25 avr. 2026 (AIB)-Le site de l\u2019agence Faso M\u00eabo de Fada N\u2019Gourma, a enregistr\u00e9, ce samedi 25 avril 2026, plusieurs dons en guise de soutien \u00e0 cette initiative pr\u00e9sidentielle visant \u00e0 promouvoir le d\u00e9veloppement communautaire et la solidarit\u00e9 nationale.<\/strong><\/p>\n<p>Parmi les donateurs du jour, l\u2019association Liyentiali, repr\u00e9sent\u00e9e par Boualihamou Hedwige Lompo\/Ouattara, a apport\u00e9 une contribution compos\u00e9e d\u2019une enveloppe financi\u00e8re de 50 000 F CFA et de 20 packs d\u2019eau.<\/p>\n<p>Selon la donatrice, ce geste, bien que modeste, traduit l\u2019engagement de son association \u00e0 accompagner Faso M\u00eabo dans ses actions sociales et \u00e9ducatives.<\/p>\n<p>\u00ab Nous sommes venus soutenir cette initiative et montrer que nous sommes aux c\u00f4t\u00e9s de Faso M\u00eabo. Ce n\u2019est qu\u2019un premier geste et, si les conditions le permettent, nous reviendrons pour d\u2019autres contributions \u00bb, a indiqu\u00e9 Mme Lompo.<\/p>\n<p>Dans la m\u00eame dynamique, la jeunesse de l\u2019\u00e9glise \u00e9vang\u00e9lique SIM, conduite par le pr\u00e9sident de son comit\u00e9 d\u2019organisation, Daniel Madi\u00e8ga, a \u00e9galement manifest\u00e9 son adh\u00e9sion.<\/p>\n<p>Issue d\u2019une collecte organis\u00e9e au mois de mars, leur contribution s\u2019\u00e9l\u00e8ve \u00e0 165 000 F CFA.<\/p>\n<p>M. Madi\u00e8ga, a pr\u00e9cis\u00e9 que cette action vise \u00e0 encourager les promoteurs de Faso M\u00e8bo et \u00e0 marquer l\u2019engagement de la jeunesse chr\u00e9tienne dans les efforts de d\u00e9veloppement national.<\/p>\n<p>Il a en outre annonc\u00e9 que son organisation pr\u00e9voit revenir prochainement pour participer \u00e0 des travaux d\u2019int\u00e9r\u00eat g\u00e9n\u00e9ral sur le site.<\/p>\n<p>\u00ab Nous avons voulu, \u00e0 travers cette contribution, saluer et encourager cette belle initiative. Nous reviendrons pour apporter notre force de travail afin de montrer concr\u00e8tement notre engagement \u00bb, a d\u00e9clar\u00e9 Daniel Madi\u00e8ga.<\/p>\n<p>Ces diff\u00e9rentes contributions t\u00e9moignent de l\u2019adh\u00e9sion progressive des populations et des organisations locales \u00e0 Faso M\u00eabo, per\u00e7ue comme un levier de mobilisation citoyenne pour le d\u00e9veloppement endog\u00e8ne.<\/p>\n<p>A travers ces gestes de solidarit\u00e9, les donateurs entendent ainsi accompagner la vision des autorit\u00e9s visant \u00e0 renforcer la participation communautaire dans la construction nationale.<\/p>\n<p><strong>Agence d\u2019information du Burkina<\/strong><\/p>\n<p><strong>KAC\/HB\/OO<\/strong><\/p>\n","protected":false},"excerpt":{"rendered":"<p>BURKINA-GOURMA-SOLIDARITE-FASO-MEBO Gourma\/Faso M\u00eabo : Des contributions citoyennes accompagnent le d\u00e9veloppement communautaire Fada N\u2019Gourma, 25 avr. 2026 (AIB)-Le site de l\u2019agence Faso M\u00eabo de Fada N\u2019Gourma, a enregistr\u00e9, ce samedi 25 avril 2026, plusieurs dons en guise de soutien \u00e0 cette initiative pr\u00e9sidentielle visant \u00e0 promouvoir le d\u00e9veloppement communautaire et la solidarit\u00e9 nationale. Parmi les donateurs [&hellip;]<\/p>\n","protected":false},"author":16,"featured_media":147670,"comment_status":"open","ping_status":"open","sticky":false,"template":"","format":"standard","meta":{"advanced_seo_description":"","jetpack_seo_html_title":"","jetpack_seo_noindex":false,"jetpack_post_was_ever_published":false,"footnotes":""},"categories":[173,789,80,49,93,117,203,38,40,36],"tags":[],"class_list":{"0":"post-147669","1":"post","2":"type-post","3":"status-publish","4":"format-standard","5":"has-post-thumbnail","7":"category-depeches","8":"category-developpement","9":"category-dossiers","10":"category-est","11":"category-flashinfos","12":"category-gourma","13":"category-la-une-aib","14":"category-politique","15":"category-regions","16":"category-societe"},"jetpack_featured_media_url":"https:\/\/i0.wp.com\/www.aib.media\/wp-content\/uploads\/2026\/04\/IMG-20260427-WA0046.jpg?fit=1080%2C719&ssl=1","jetpack_shortlink":"https:\/\/wp.me\/pavbHe-CpL","_links":{"self":[{"href":"https:\/\/www.aib.media\/index.php?rest_route=\/wp\/v2\/posts\/147669","targetHints":{"allow":["GET"]}}],"collection":[{"href":"https:\/\/www.aib.media\/index.php?rest_route=\/wp\/v2\/posts"}],"about":[{"href":"https:\/\/www.aib.media\/index.php?rest_route=\/wp\/v2\/types\/post"}],"author":[{"embeddable":true,"href":"https:\/\/www.aib.media\/index.php?rest_route=\/wp\/v2\/users\/16"}],"replies":[{"embeddable":true,"href":"https:\/\/www.aib.media\/index.php?rest_route=%2Fwp%2Fv2%2Fcomments&post=147669"}],"version-history":[{"count":1,"href":"https:\/\/www.aib.media\/index.php?rest_route=\/wp\/v2\/posts\/147669\/revisions"}],"predecessor-version":[{"id":147671,"href":"https:\/\/www.aib.media\/index.php?rest_route=\/wp\/v2\/posts\/147669\/revisions\/147671"}],"wp:featuredmedia":[{"embeddable":true,"href":"https:\/\/www.aib.media\/index.php?rest_route=\/wp\/v2\/media\/147670"}],"wp:attachment":[{"href":"https:\/\/www.aib.media\/index.php?rest_route=%2Fwp%2Fv2%2Fmedia&parent=147669"}],"wp:term":[{"taxonomy":"category","embeddable":true,"href":"https:\/\/www.aib.media\/index.php?rest_route=%2Fwp%2Fv2%2Fcategories&post=147669"},{"taxonomy":"post_tag","embeddable":true,"href":"https:\/\/www.aib.media\/index.php?rest_route=%2Fwp%2Fv2%2Ftags&post=147669"}],"curies":[{"name":"wp","href":"https:\/\/api.w.org\/{rel}","templated":true}]}}