{"id":147666,"date":"2026-04-27T09:49:36","date_gmt":"2026-04-27T09:49:36","guid":{"rendered":"https:\/\/www.aib.media\/?p=147666"},"modified":"2026-04-27T09:49:36","modified_gmt":"2026-04-27T09:49:36","slug":"kourweogo-la-caravane-culturelle-tond-ba-yir-saoose-lancee-pour-valoriser-les-danses-traditionnelles","status":"publish","type":"post","link":"https:\/\/www.aib.media\/?p=147666","title":{"rendered":"Kourw\u00e9ogo : La caravane culturelle \u00ab Tond ba-yir saoos\u00e9 \u00bb lanc\u00e9e pour valoriser les danses traditionnelles"},"content":{"rendered":"<p>BURKINA-KOURWEOGO-CULTURE-PROMOTION<\/p>\n<p><strong>Kourw\u00e9ogo : La caravane culturelle \u00ab Tond ba-yir saoos\u00e9 \u00bb lanc\u00e9e pour valoriser les danses traditionnelles<\/strong><\/p>\n<p><strong>Bouss\u00e9, 25 avr. 2026 (AIB)-La caravane culturelle \u00ab Tond ba-yir saoos\u00e9\u00bb, initi\u00e9e par la soci\u00e9t\u00e9 Nafadou en collaboration avec l\u2019Association de d\u00e9veloppement communautaire Delwend\u00e9 (ADC Delwend\u00e9), a \u00e9t\u00e9 lanc\u00e9e le vendredi 24 avril 2026 \u00e0 Bouss\u00e9. L\u2019initiative vise \u00e0 promouvoir et documenter les danses traditionnelles authentiques de la province du Kourw\u00e9ogo.<\/strong><\/p>\n<p>Plac\u00e9e sous le patronage du ministre en charge de la Culture, Pingdwend\u00e9 Gilbert Ou\u00e9draogo et parrain\u00e9e par El Hadji Moustapha Souli, la c\u00e9r\u00e9monie a connu la pr\u00e9sence d\u2019autorit\u00e9s administratives, coutumi\u00e8res ainsi que de partenaires.<\/p>\n<p>Le projet b\u00e9n\u00e9ficie du soutien financier du Fonds burkinab\u00e8 de d\u00e9veloppement \u00e9conomique et social (FBDES T\u00f4ogo) et de la coop\u00e9ration suisse.<\/p>\n<p>Pour cette premi\u00e8re \u00e9tape, les populations de Bouss\u00e9 ont assist\u00e9 \u00e0 des prestations de plusieurs troupes artistiques venues de diff\u00e9rentes localit\u00e9s.<\/p>\n<p>Au total, une dizaine de groupes ont ex\u00e9cut\u00e9 des danses du terroir, notamment le warba, le faongo, le yarma, le taonsr\u00e9, le k\u00e8gba, le wiss\u00e9 et le k\u00e8ma.<\/p>\n<p>Selon l\u2019initiateur de la caravane, S\u00e9kou Oumar Sidib\u00e9, connu sous le nom de \u00ab commissaire Rock \u00bb, l\u2019activit\u00e9 s\u2019inscrit dans un projet de valorisation et de documentation audiovisuelle du patrimoine culturel immat\u00e9riel du Kourw\u00e9ogo.<\/p>\n<p>Il a pr\u00e9cis\u00e9 que les communes de Laye, Sourgoubila et Bouss\u00e9 ont \u00e9t\u00e9 retenues pour accueillir cette premi\u00e8re \u00e9dition.<\/p>\n<p>Les intervenants ont salu\u00e9 la pertinence de l\u2019initiative dans un contexte marqu\u00e9 par l\u2019influence croissante des cultures modernes.<\/p>\n<p>Le secr\u00e9taire g\u00e9n\u00e9ral de la r\u00e9gion, Ibrahim Boly, repr\u00e9sentant le ministre en charge de la Culture, a rappel\u00e9 que la culture et la tradition constituent des piliers essentiels de l\u2019identit\u00e9 des peuples et contribuent \u00e0 la coh\u00e9sion sociale ainsi qu\u2019\u00e0 la consolidation de la paix.<\/p>\n<p>De son c\u00f4t\u00e9, le parrain El Hadji Moustapha Souli a exprim\u00e9 son soutien \u00e0 toute action visant \u00e0 valoriser le patrimoine culturel national, tout en encourageant la jeunesse \u00e0 s\u2019approprier ces valeurs.<\/p>\n<p>Les autorit\u00e9s coutumi\u00e8res, \u00e0 travers Naaba Sonr\u00e9, ont \u00e9galement salu\u00e9 une initiative qui participe \u00e0 la pr\u00e9servation des valeurs ancestrales.<\/p>\n<p>Elles ont \u00e9mis le souhait de voir les prochaines \u00e9ditions s\u2019ouvrir \u00e0 l\u2019ensemble des troupes de la province.<\/p>\n<p><strong>Agence d\u2019information du Burkina<\/strong><\/p>\n<p><strong>DB\/HB\/OO<\/strong><\/p>\n","protected":false},"excerpt":{"rendered":"<p>BURKINA-KOURWEOGO-CULTURE-PROMOTION Kourw\u00e9ogo : La caravane culturelle \u00ab Tond ba-yir saoos\u00e9 \u00bb lanc\u00e9e pour valoriser les danses traditionnelles Bouss\u00e9, 25 avr. 2026 (AIB)-La caravane culturelle \u00ab Tond ba-yir saoos\u00e9\u00bb, initi\u00e9e par la soci\u00e9t\u00e9 Nafadou en collaboration avec l\u2019Association de d\u00e9veloppement communautaire Delwend\u00e9 (ADC Delwend\u00e9), a \u00e9t\u00e9 lanc\u00e9e le vendredi 24 avril 2026 \u00e0 Bouss\u00e9. L\u2019initiative vise [&hellip;]<\/p>\n","protected":false},"author":16,"featured_media":147667,"comment_status":"open","ping_status":"open","sticky":false,"template":"","format":"standard","meta":{"advanced_seo_description":"","jetpack_seo_html_title":"","jetpack_seo_noindex":false,"jetpack_post_was_ever_published":false,"footnotes":""},"categories":[60,173,80,93,783,203,52,38,40,36],"tags":[],"class_list":{"0":"post-147666","1":"post","2":"type-post","3":"status-publish","4":"format-standard","5":"has-post-thumbnail","7":"category-culture","8":"category-depeches","9":"category-dossiers","10":"category-flashinfos","11":"category-kourweogo","12":"category-la-une-aib","13":"category-plateau-central","14":"category-politique","15":"category-regions","16":"category-societe"},"jetpack_featured_media_url":"https:\/\/i0.wp.com\/www.aib.media\/wp-content\/uploads\/2026\/04\/IMG-20260427-WA0044.jpg?fit=1280%2C720&ssl=1","jetpack_shortlink":"https:\/\/wp.me\/pavbHe-CpI","_links":{"self":[{"href":"https:\/\/www.aib.media\/index.php?rest_route=\/wp\/v2\/posts\/147666","targetHints":{"allow":["GET"]}}],"collection":[{"href":"https:\/\/www.aib.media\/index.php?rest_route=\/wp\/v2\/posts"}],"about":[{"href":"https:\/\/www.aib.media\/index.php?rest_route=\/wp\/v2\/types\/post"}],"author":[{"embeddable":true,"href":"https:\/\/www.aib.media\/index.php?rest_route=\/wp\/v2\/users\/16"}],"replies":[{"embeddable":true,"href":"https:\/\/www.aib.media\/index.php?rest_route=%2Fwp%2Fv2%2Fcomments&post=147666"}],"version-history":[{"count":1,"href":"https:\/\/www.aib.media\/index.php?rest_route=\/wp\/v2\/posts\/147666\/revisions"}],"predecessor-version":[{"id":147668,"href":"https:\/\/www.aib.media\/index.php?rest_route=\/wp\/v2\/posts\/147666\/revisions\/147668"}],"wp:featuredmedia":[{"embeddable":true,"href":"https:\/\/www.aib.media\/index.php?rest_route=\/wp\/v2\/media\/147667"}],"wp:attachment":[{"href":"https:\/\/www.aib.media\/index.php?rest_route=%2Fwp%2Fv2%2Fmedia&parent=147666"}],"wp:term":[{"taxonomy":"category","embeddable":true,"href":"https:\/\/www.aib.media\/index.php?rest_route=%2Fwp%2Fv2%2Fcategories&post=147666"},{"taxonomy":"post_tag","embeddable":true,"href":"https:\/\/www.aib.media\/index.php?rest_route=%2Fwp%2Fv2%2Ftags&post=147666"}],"curies":[{"name":"wp","href":"https:\/\/api.w.org\/{rel}","templated":true}]}}