{"id":147659,"date":"2026-04-26T22:39:13","date_gmt":"2026-04-26T22:39:13","guid":{"rendered":"https:\/\/www.aib.media\/?p=147659"},"modified":"2026-04-26T22:39:13","modified_gmt":"2026-04-26T22:39:13","slug":"communique-de-laes-suite-aux-attaques-terroristes-perpetrees-contre-la-republique-du-mali-le-25-avril-2026","status":"publish","type":"post","link":"https:\/\/www.aib.media\/?p=147659","title":{"rendered":"Communiqu\u00e9 de l&rsquo;AES suite aux attaques terroristes perp\u00e9tr\u00e9es contre la R\u00e9publique du Mali le 25 avril 2026"},"content":{"rendered":"<p><strong>Communiqu\u00e9 de l&rsquo;AES suite aux attaques terroristes perp\u00e9tr\u00e9es contre la R\u00e9publique du Mali le 25 avril 2026<\/strong><\/p>\n<p><strong>\u00ab\u00a0La Conf\u00e9d\u00e9ration des \u00c9tats du Sahel, dans la poursuite de sa lutte pour sa souverainet\u0117, a \u00e9t\u00e9 la cible d&rsquo;agressions terroristes dans la matin\u00e9e du 25 avril 2026, visant plusieurs sites sur le sol malien.<\/strong><\/p>\n<p>La coordination des attaques, les cibles vis\u00e9es, les effectifs ayant particip\u00e9 \u00e0 la forfaiture, ainsi que la logistique et les armes utilis\u00e9es, montrent \u00e0 souhait qu&rsquo;il s&rsquo;agit d&rsquo;actions planifi\u00e9es et coordonn\u00e9es de longue date, visant \u00e0 infliger de nombreuses pertes parmi les forces de d\u00e9fense et de s\u00e9curit\u00e9 et \u00e0 semer la terreur au sein des populations civiles innocentes de la Conf\u00e9d\u00e9ration des \u00c9tats du Sahel et particuli\u00e8rement, du Mali.<\/p>\n<p>La persistance de ces agressions barbares et inhumaines porte la signature d&rsquo;un complot monstrueux soutenu par des ennemis de la lutte de lib\u00e9ration du Sahel engag\u00e9e \u00e0 travers la dynamique conf\u00e9d\u00e9rale de l&rsquo;AES.<\/p>\n<p>Mais le dessein macabre et les vell\u00e9it\u00e9s de d\u00e9stabilisation, de ces bourreaux de la paix et de la concorde au sahel, ont \u00e9t\u00e9 mis en \u00e9chec gr\u00e2ce \u00e0 une riposte professionnelle, courageuse et d\u00e9termin\u00e9e des forces arm\u00e9es maliennes.<\/p>\n<p>La Conf\u00e9d\u00e9ration des \u00c9tats du Sahel souligne que ces actes ignobles, l\u00e2ches et barbares contre un \u00c9tat souverain membre, ne sauraient \u00e9branler la volont\u00e9 des vaillants peuples du Sahel \u00e0 vivre libres, en paix et dans la dignit\u00e9.<\/p>\n<p>Elle adresse ses condol\u00e9ances les plus attrist\u00e9es aux familles des martyres et formule les v\u0153ux de prompt r\u00e9tablissement aux bless\u00e9s.<\/p>\n<p>La Conf\u00e9d\u00e9ration des \u00c9tats du Sahel exprime au peuple malien, au Gouvernement de la R\u00e9publique du Mali et aux vaillantes Forces Arm\u00e9es Maliennes (FAMa), sa solidarit\u00e9 totale, inconditionnelle et fraternelle.<\/p>\n<p>Elle leur rend un hommage vibrant pour le courage extraordinaire avec lequel ils ont repouss\u00e9 cette agression barbare en mettant hors d&rsquo;\u00e9tat de nuire ces individus d&rsquo;une autre \u00e9poque, \u00e0 la solde d&rsquo;acteurs anim\u00e9s d&rsquo;une volont\u00e9 manifeste de briser sa vision souverainiste.<\/p>\n<p>Elle exprime sa gratitude \u00e0 tous les \u00c9tats et partenaires qui dans un \u00e9lan de solidarit\u00e9, ont t\u00e9moign\u00e9 leur soutien au peuple malien, et d\u00e9montr\u00e9 une fois encore leur engagement \u00e0 demeurer aux cot\u00e9s des \u00c9tats et des peuples du Sahel.<\/p>\n<p>La Conf\u00e9d\u00e9ration des \u00c9tats du Sahel r\u00e9it\u00e8re son attachement sans faille \u00e0 la libert\u00e9, la souverainet\u00e9 et la dignit\u00e9 et renouv\u00e8le sa volont\u00e9 de poursuivre sa lutte jusqu&rsquo;\u00e0 la lib\u00e9ration totale.<\/p>\n<p>Fait \u00e0 Ouagadougou, le 25 avril 2026<\/p>\n<p>Le Pr\u00e9sident du Faso, Pr\u00e9sident en exercice de l&rsquo;AES, le Capitaine Ibrahim Traor\u00e9.<\/p>\n","protected":false},"excerpt":{"rendered":"<p>Communiqu\u00e9 de l&rsquo;AES suite aux attaques terroristes perp\u00e9tr\u00e9es contre la R\u00e9publique du Mali le 25 avril 2026 \u00ab\u00a0La Conf\u00e9d\u00e9ration des \u00c9tats du Sahel, dans la poursuite de sa lutte pour sa souverainet\u0117, a \u00e9t\u00e9 la cible d&rsquo;agressions terroristes dans la matin\u00e9e du 25 avril 2026, visant plusieurs sites sur le sol malien. La coordination des [&hellip;]<\/p>\n","protected":false},"author":15,"featured_media":147660,"comment_status":"open","ping_status":"open","sticky":false,"template":"","format":"standard","meta":{"advanced_seo_description":"","jetpack_seo_html_title":"","jetpack_seo_noindex":false,"jetpack_post_was_ever_published":false,"footnotes":""},"categories":[792,91,173,93,203],"tags":[],"class_list":{"0":"post-147659","1":"post","2":"type-post","3":"status-publish","4":"format-standard","5":"has-post-thumbnail","7":"category-a-e-s","8":"category-communiques","9":"category-depeches","10":"category-flashinfos","11":"category-la-une-aib"},"jetpack_featured_media_url":"https:\/\/i0.wp.com\/www.aib.media\/wp-content\/uploads\/2026\/04\/IMG-20260426-WA02571.jpg?fit=1080%2C807&ssl=1","jetpack_shortlink":"https:\/\/wp.me\/pavbHe-CpB","_links":{"self":[{"href":"https:\/\/www.aib.media\/index.php?rest_route=\/wp\/v2\/posts\/147659","targetHints":{"allow":["GET"]}}],"collection":[{"href":"https:\/\/www.aib.media\/index.php?rest_route=\/wp\/v2\/posts"}],"about":[{"href":"https:\/\/www.aib.media\/index.php?rest_route=\/wp\/v2\/types\/post"}],"author":[{"embeddable":true,"href":"https:\/\/www.aib.media\/index.php?rest_route=\/wp\/v2\/users\/15"}],"replies":[{"embeddable":true,"href":"https:\/\/www.aib.media\/index.php?rest_route=%2Fwp%2Fv2%2Fcomments&post=147659"}],"version-history":[{"count":1,"href":"https:\/\/www.aib.media\/index.php?rest_route=\/wp\/v2\/posts\/147659\/revisions"}],"predecessor-version":[{"id":147661,"href":"https:\/\/www.aib.media\/index.php?rest_route=\/wp\/v2\/posts\/147659\/revisions\/147661"}],"wp:featuredmedia":[{"embeddable":true,"href":"https:\/\/www.aib.media\/index.php?rest_route=\/wp\/v2\/media\/147660"}],"wp:attachment":[{"href":"https:\/\/www.aib.media\/index.php?rest_route=%2Fwp%2Fv2%2Fmedia&parent=147659"}],"wp:term":[{"taxonomy":"category","embeddable":true,"href":"https:\/\/www.aib.media\/index.php?rest_route=%2Fwp%2Fv2%2Fcategories&post=147659"},{"taxonomy":"post_tag","embeddable":true,"href":"https:\/\/www.aib.media\/index.php?rest_route=%2Fwp%2Fv2%2Ftags&post=147659"}],"curies":[{"name":"wp","href":"https:\/\/api.w.org\/{rel}","templated":true}]}}