{"id":147653,"date":"2026-04-26T21:22:19","date_gmt":"2026-04-26T21:22:19","guid":{"rendered":"https:\/\/www.aib.media\/?p=147653"},"modified":"2026-04-26T21:22:19","modified_gmt":"2026-04-26T21:22:19","slug":"snc-2026-le-carnaval-signe-son-grand-retour-a-bobo-dioulasso-apres-dix-ans-dabsence","status":"publish","type":"post","link":"https:\/\/www.aib.media\/?p=147653","title":{"rendered":"SNC 2026 : le carnaval signe son grand retour \u00e0 Bobo-Dioulasso apr\u00e8s dix ans d\u2019absence"},"content":{"rendered":"<p><strong>SNC 2026 : le carnaval signe son grand retour \u00e0 Bobo-Dioulasso apr\u00e8s dix ans d\u2019absence<\/strong><\/p>\n<p><strong>Bobo-Dioulasso, 26 avril 2026 (AIB)-Le carnaval de la Semaine nationale de la Culture a effectu\u00e9, ce dimanche, son grand retour apr\u00e8s dix ann\u00e9es d\u2019absence, offrant aux populations de Bobo-Dioulasso un spectacle haut en couleurs, rythm\u00e9 par les danses, les musiques et les costumes traditionnels des diff\u00e9rentes communaut\u00e9s.<\/strong><\/p>\n<p>Le d\u00e9fil\u00e9, long de trois kilom\u00e8tres, a reli\u00e9 la Place de la Femme \u00e0 la mairie de Bobo-Dioulasso, en empruntant le boulevard principal de la ville.<\/p>\n<p>Tout au long du parcours, les habitants sont sortis nombreux pour admirer les groupes en procession, dans une ambiance marqu\u00e9e par la joie populaire et la ferveur festive.<\/p>\n<p>Des passants se sont arr\u00eat\u00e9s par centaines pour suivre le passage des diff\u00e9rentes communaut\u00e9s, affichant admiration et enthousiasme devant les prestations artistiques et culturelles.<\/p>\n<p>Le Pr\u00e9sident de la D\u00e9l\u00e9gation sp\u00e9ciale de la commune de Bobo-Dioulasso, Laurent Kontogom, s\u2019est r\u00e9joui de cette relance. \u00ab Au regard de la joie constat\u00e9e, la commune se r\u00e9jouit que le carnaval revienne \u00bb, a-t-il d\u00e9clar\u00e9.<\/p>\n<p>Pr\u00e9sent sur les lieux, le ministre charg\u00e9 de la Culture, Pingdwend\u00e9 Gilbert Ou\u00e9draogo, a salu\u00e9 la mobilisation des communaut\u00e9s.<\/p>\n<p>Selon lui, ce retour du carnaval vise \u00e0 permettre \u00e0 la population de vivre pleinement la SNC, tout en offrant aux communaut\u00e9s un cadre d\u2019expression, de communion et de valorisation de leurs richesses culturelles.<\/p>\n<p>Il a \u00e9galement lanc\u00e9 un appel \u00e0 la solidarit\u00e9, au vivre-ensemble et \u00e0 la paix.<\/p>\n<p>La Semaine nationale de la Culture se poursuit jusqu\u2019au 2 mai 2026 \u00e0 Bobo-Dioulasso.<\/p>\n<p>Agence d\u2019Information du Burkina<\/p>\n<p>AB\/ata<\/p>\n","protected":false},"excerpt":{"rendered":"<p>SNC 2026 : le carnaval signe son grand retour \u00e0 Bobo-Dioulasso apr\u00e8s dix ans d\u2019absence Bobo-Dioulasso, 26 avril 2026 (AIB)-Le carnaval de la Semaine nationale de la Culture a effectu\u00e9, ce dimanche, son grand retour apr\u00e8s dix ann\u00e9es d\u2019absence, offrant aux populations de Bobo-Dioulasso un spectacle haut en couleurs, rythm\u00e9 par les danses, les musiques [&hellip;]<\/p>\n","protected":false},"author":21,"featured_media":147654,"comment_status":"open","ping_status":"open","sticky":false,"template":"","format":"standard","meta":{"advanced_seo_description":"","jetpack_seo_html_title":"","jetpack_seo_noindex":false,"jetpack_post_was_ever_published":false,"footnotes":""},"categories":[60,173,789,93,50,121,203,36],"tags":[],"class_list":{"0":"post-147653","1":"post","2":"type-post","3":"status-publish","4":"format-standard","5":"has-post-thumbnail","7":"category-culture","8":"category-depeches","9":"category-developpement","10":"category-flashinfos","11":"category-haut-bassins","12":"category-houet","13":"category-la-une-aib","14":"category-societe"},"jetpack_featured_media_url":"https:\/\/i0.wp.com\/www.aib.media\/wp-content\/uploads\/2026\/04\/6-7.jpeg?fit=1020%2C574&ssl=1","jetpack_shortlink":"https:\/\/wp.me\/pavbHe-Cpv","_links":{"self":[{"href":"https:\/\/www.aib.media\/index.php?rest_route=\/wp\/v2\/posts\/147653","targetHints":{"allow":["GET"]}}],"collection":[{"href":"https:\/\/www.aib.media\/index.php?rest_route=\/wp\/v2\/posts"}],"about":[{"href":"https:\/\/www.aib.media\/index.php?rest_route=\/wp\/v2\/types\/post"}],"author":[{"embeddable":true,"href":"https:\/\/www.aib.media\/index.php?rest_route=\/wp\/v2\/users\/21"}],"replies":[{"embeddable":true,"href":"https:\/\/www.aib.media\/index.php?rest_route=%2Fwp%2Fv2%2Fcomments&post=147653"}],"version-history":[{"count":1,"href":"https:\/\/www.aib.media\/index.php?rest_route=\/wp\/v2\/posts\/147653\/revisions"}],"predecessor-version":[{"id":147655,"href":"https:\/\/www.aib.media\/index.php?rest_route=\/wp\/v2\/posts\/147653\/revisions\/147655"}],"wp:featuredmedia":[{"embeddable":true,"href":"https:\/\/www.aib.media\/index.php?rest_route=\/wp\/v2\/media\/147654"}],"wp:attachment":[{"href":"https:\/\/www.aib.media\/index.php?rest_route=%2Fwp%2Fv2%2Fmedia&parent=147653"}],"wp:term":[{"taxonomy":"category","embeddable":true,"href":"https:\/\/www.aib.media\/index.php?rest_route=%2Fwp%2Fv2%2Fcategories&post=147653"},{"taxonomy":"post_tag","embeddable":true,"href":"https:\/\/www.aib.media\/index.php?rest_route=%2Fwp%2Fv2%2Ftags&post=147653"}],"curies":[{"name":"wp","href":"https:\/\/api.w.org\/{rel}","templated":true}]}}