{"id":147647,"date":"2026-04-26T20:55:11","date_gmt":"2026-04-26T20:55:11","guid":{"rendered":"https:\/\/www.aib.media\/?p=147647"},"modified":"2026-04-26T20:55:11","modified_gmt":"2026-04-26T20:55:11","slug":"mali-deces-du-ministre-de-la-defense","status":"publish","type":"post","link":"https:\/\/www.aib.media\/?p=147647","title":{"rendered":"Mali: D\u00e9c\u00e8s du ministre de la D\u00e9fense"},"content":{"rendered":"<p><strong>Mali: D\u00e9c\u00e8s du ministre de la D\u00e9fense<\/strong><\/p>\n<p>Ouagadougou, 26 avril 2026(AIB)-Le Gouvernement de la Transition du Mali a annonc\u00e9 dimanche dans un communiqu\u00e9 le d\u00e9c\u00e8s du G\u00e9n\u00e9ral de Corps d\u2019Arm\u00e9e Sadio CAMARA, Ministre d\u2019Etat, Ministre de la D\u00e9fense et des Anciens Combattants. Ses fun\u00e9railles nationales seront communiqu\u00e9s ult\u00e9rieurement, pr\u00e9cise la m\u00eame source.<\/p>\n","protected":false},"excerpt":{"rendered":"<p>Mali: D\u00e9c\u00e8s du ministre de la D\u00e9fense Ouagadougou, 26 avril 2026(AIB)-Le Gouvernement de la Transition du Mali a annonc\u00e9 dimanche dans un communiqu\u00e9 le d\u00e9c\u00e8s du G\u00e9n\u00e9ral de Corps d\u2019Arm\u00e9e Sadio CAMARA, Ministre d\u2019Etat, Ministre de la D\u00e9fense et des Anciens Combattants. Ses fun\u00e9railles nationales seront communiqu\u00e9s ult\u00e9rieurement, pr\u00e9cise la m\u00eame source.<\/p>\n","protected":false},"author":10,"featured_media":147648,"comment_status":"open","ping_status":"open","sticky":false,"template":"","format":"standard","meta":{"advanced_seo_description":"","jetpack_seo_html_title":"","jetpack_seo_noindex":false,"jetpack_post_was_ever_published":false,"footnotes":""},"categories":[173,93,790,636,203],"tags":[],"class_list":{"0":"post-147647","1":"post","2":"type-post","3":"status-publish","4":"format-standard","5":"has-post-thumbnail","7":"category-depeches","8":"category-flashinfos","9":"category-international","10":"category-internationale","11":"category-la-une-aib"},"jetpack_featured_media_url":"https:\/\/i0.wp.com\/www.aib.media\/wp-content\/uploads\/2026\/04\/IMG-20260426-WA0293.jpg?fit=1080%2C810&ssl=1","jetpack_shortlink":"https:\/\/wp.me\/pavbHe-Cpp","_links":{"self":[{"href":"https:\/\/www.aib.media\/index.php?rest_route=\/wp\/v2\/posts\/147647","targetHints":{"allow":["GET"]}}],"collection":[{"href":"https:\/\/www.aib.media\/index.php?rest_route=\/wp\/v2\/posts"}],"about":[{"href":"https:\/\/www.aib.media\/index.php?rest_route=\/wp\/v2\/types\/post"}],"author":[{"embeddable":true,"href":"https:\/\/www.aib.media\/index.php?rest_route=\/wp\/v2\/users\/10"}],"replies":[{"embeddable":true,"href":"https:\/\/www.aib.media\/index.php?rest_route=%2Fwp%2Fv2%2Fcomments&post=147647"}],"version-history":[{"count":1,"href":"https:\/\/www.aib.media\/index.php?rest_route=\/wp\/v2\/posts\/147647\/revisions"}],"predecessor-version":[{"id":147649,"href":"https:\/\/www.aib.media\/index.php?rest_route=\/wp\/v2\/posts\/147647\/revisions\/147649"}],"wp:featuredmedia":[{"embeddable":true,"href":"https:\/\/www.aib.media\/index.php?rest_route=\/wp\/v2\/media\/147648"}],"wp:attachment":[{"href":"https:\/\/www.aib.media\/index.php?rest_route=%2Fwp%2Fv2%2Fmedia&parent=147647"}],"wp:term":[{"taxonomy":"category","embeddable":true,"href":"https:\/\/www.aib.media\/index.php?rest_route=%2Fwp%2Fv2%2Fcategories&post=147647"},{"taxonomy":"post_tag","embeddable":true,"href":"https:\/\/www.aib.media\/index.php?rest_route=%2Fwp%2Fv2%2Ftags&post=147647"}],"curies":[{"name":"wp","href":"https:\/\/api.w.org\/{rel}","templated":true}]}}