{"id":147641,"date":"2026-04-26T16:51:13","date_gmt":"2026-04-26T16:51:13","guid":{"rendered":"https:\/\/www.aib.media\/?p=147641"},"modified":"2026-04-26T16:51:13","modified_gmt":"2026-04-26T16:51:13","slug":"burkina-snc-2026-le-manifeste-de-la-revolution-progressiste-populaire-presente-pour-favoriser-son-appropriation-par-les-citoyens","status":"publish","type":"post","link":"https:\/\/www.aib.media\/?p=147641","title":{"rendered":"Burkina\/SNC 2026 : le Manifeste de la R\u00e9volution progressiste populaire pr\u00e9sent\u00e9 pour favoriser son appropriation par les citoyens"},"content":{"rendered":"<p><strong>Burkina\/SNC 2026 : le Manifeste de la R\u00e9volution progressiste populaire pr\u00e9sent\u00e9 pour favoriser son appropriation par les citoyens<\/strong><\/p>\n<p><strong>Bobo-Dioulasso, 26 avril 2026 (AIB)-En marge de 22e \u00e9dition de la semaine nationale de la culture (SNC), le Premier ministre burkinab\u00e8, Rimtalba Jean Emmanuel Ou\u00e9draogo a pr\u00e9sent\u00e9 officiellement, dimanche \u00e0 Bobo-Dioulasso, le Manifeste de la R\u00e9volution progressiste populaire(RPP), \u00e9crit par le Pr\u00e9sident du Faso, le capitaine Ibrahim Traor\u00e9, pour permettre aux citoyens de mieux comprendre et s\u2019approprier la dynamique de transformation en cours dans le pays.<\/strong><\/p>\n<p>Devant ses homologues de la Conf\u00e9d\u00e9ration des \u00c9tats du Sahel (AES), le chef du gouvernement burkinab\u00e8 Rimtalba Jean Emmanuel Ou\u00e9draogo repr\u00e9sentant le pr\u00e9sident du Faso, le capitaine Ibrahim Traor\u00e9, a d\u00e9clar\u00e9 la sortie officielle du Manifeste de la RPP, \u00e9crit pour pr\u00e9senter la vision pour le Burkina Faso du chef de l\u2019\u00c9tat.<\/p>\n<p>Le document con\u00e7u sous un format de poche de 52 pages, se veut accessible et facile \u00e0 lire. Il ne s\u2019agit pas d\u2019un programme politique classique, mais d\u2019un condens\u00e9 des grandes orientations et des actions engag\u00e9es depuis le 30 septembre 2022, date marquant le d\u00e9but de la dynamique actuelle, a indiqu\u00e9 le ministre-directeur de cabinet de la pr\u00e9sidence, le capitaine Anderson Medah.<\/p>\n<p>Structur\u00e9 en six chapitres, le Manifeste aborde des axes strat\u00e9giques, notamment la d\u00e9fense nationale, le progr\u00e8s socio-\u00e9conomique inclusif, le r\u00e9armement culturel, la diplomatie, la gouvernance ainsi que les questions soci\u00e9tales, a ajout\u00e9 le capitaine Medah<\/p>\n<p>Il retrace \u00e9galement un parcours historique, en mettant en lumi\u00e8re les facteurs ayant contribu\u00e9 au sous-d\u00e9veloppement, avant de projeter une vision d\u2019avenir fond\u00e9e sur la souverainet\u00e9 et le d\u00e9veloppement endog\u00e8ne.<\/p>\n<p>Pour le directeur de cabinet, le document fixe le cap de la dynamique \u00ab r\u00e9volutionnaire \u00bb, fond\u00e9e sur la rupture, la mobilisation nationale et la transformation structurelle du pays. Il met en avant une ambition de d\u00e9veloppement inclusif, de renforcement de la s\u00e9curit\u00e9 et de consolidation de la coop\u00e9ration au sein de l\u2019espace sah\u00e9lien.<\/p>\n<p>Le Premier ministre Rimtalba Jean Emmanuel Ou\u00e9draogo a invit\u00e9 les Burkinab\u00e8 \u00e0 s\u2019approprier le contenu du manifeste, annonc\u00e9 prochainement dans plusieurs langues afin d\u2019en faciliter la diffusion \u00e0 grande \u00e9chelle.<\/p>\n<p>Il a \u00e9galement exprim\u00e9 la conviction des autorit\u00e9s quant \u00e0 la r\u00e9ussite de cette dynamique, port\u00e9e conjointement avec le Mali et le Niger dans le cadre de la Conf\u00e9d\u00e9ration des \u00c9tats du Sahel.<\/p>\n<p>\u00ables b\u00e9n\u00e9fices issus de la distribution du document seront syst\u00e9matiquement vers\u00e9s aux fonds de soutien patriotique, a conclu le chef du cabinet pr\u00e9sidentiel.<\/p>\n<p>Outre la pr\u00e9sentation du Manifeste, Rimtalba Ou\u00e9draogo a \u00e9galement proc\u00e9dure \u00e0 l\u2019inauguration du stand de la pr\u00e9sidence du Faso, install\u00e9 sur le site de la 22e \u00e0 la maison de la culture Ansethelme titiamz Sanou \u00e0 BoboDioulasso.<\/p>\n<p>Cet espace est destin\u00e9 \u00e0 permettre aux festivaliers et aux visiteurs de d\u00e9couvrir les actions engag\u00e9es par les autorit\u00e9s burkinab\u00e8 dans le cadre de la transformation du pays.<\/p>\n<p style=\"text-align: right\"><strong>Agence d\u2019information du Burkina <\/strong><br \/>\n<strong>YOS\/ata<\/strong><\/p>\n","protected":false},"excerpt":{"rendered":"<p>Burkina\/SNC 2026 : le Manifeste de la R\u00e9volution progressiste populaire pr\u00e9sent\u00e9 pour favoriser son appropriation par les citoyens Bobo-Dioulasso, 26 avril 2026 (AIB)-En marge de 22e \u00e9dition de la semaine nationale de la culture (SNC), le Premier ministre burkinab\u00e8, Rimtalba Jean Emmanuel Ou\u00e9draogo a pr\u00e9sent\u00e9 officiellement, dimanche \u00e0 Bobo-Dioulasso, le Manifeste de la R\u00e9volution progressiste [&hellip;]<\/p>\n","protected":false},"author":15,"featured_media":147642,"comment_status":"open","ping_status":"open","sticky":false,"template":"","format":"standard","meta":{"advanced_seo_description":"","jetpack_seo_html_title":"","jetpack_seo_noindex":false,"jetpack_post_was_ever_published":false,"footnotes":""},"categories":[173,93,121,203,65],"tags":[],"class_list":{"0":"post-147641","1":"post","2":"type-post","3":"status-publish","4":"format-standard","5":"has-post-thumbnail","7":"category-depeches","8":"category-flashinfos","9":"category-houet","10":"category-la-une-aib","11":"category-snc"},"jetpack_featured_media_url":"https:\/\/i0.wp.com\/www.aib.media\/wp-content\/uploads\/2026\/04\/IMG-20260426-WA0195-scaled.jpg?fit=2560%2C1857&ssl=1","jetpack_shortlink":"https:\/\/wp.me\/pavbHe-Cpj","_links":{"self":[{"href":"https:\/\/www.aib.media\/index.php?rest_route=\/wp\/v2\/posts\/147641","targetHints":{"allow":["GET"]}}],"collection":[{"href":"https:\/\/www.aib.media\/index.php?rest_route=\/wp\/v2\/posts"}],"about":[{"href":"https:\/\/www.aib.media\/index.php?rest_route=\/wp\/v2\/types\/post"}],"author":[{"embeddable":true,"href":"https:\/\/www.aib.media\/index.php?rest_route=\/wp\/v2\/users\/15"}],"replies":[{"embeddable":true,"href":"https:\/\/www.aib.media\/index.php?rest_route=%2Fwp%2Fv2%2Fcomments&post=147641"}],"version-history":[{"count":1,"href":"https:\/\/www.aib.media\/index.php?rest_route=\/wp\/v2\/posts\/147641\/revisions"}],"predecessor-version":[{"id":147643,"href":"https:\/\/www.aib.media\/index.php?rest_route=\/wp\/v2\/posts\/147641\/revisions\/147643"}],"wp:featuredmedia":[{"embeddable":true,"href":"https:\/\/www.aib.media\/index.php?rest_route=\/wp\/v2\/media\/147642"}],"wp:attachment":[{"href":"https:\/\/www.aib.media\/index.php?rest_route=%2Fwp%2Fv2%2Fmedia&parent=147641"}],"wp:term":[{"taxonomy":"category","embeddable":true,"href":"https:\/\/www.aib.media\/index.php?rest_route=%2Fwp%2Fv2%2Fcategories&post=147641"},{"taxonomy":"post_tag","embeddable":true,"href":"https:\/\/www.aib.media\/index.php?rest_route=%2Fwp%2Fv2%2Ftags&post=147641"}],"curies":[{"name":"wp","href":"https:\/\/api.w.org\/{rel}","templated":true}]}}