{"id":147636,"date":"2026-04-26T16:17:38","date_gmt":"2026-04-26T16:17:38","guid":{"rendered":"https:\/\/www.aib.media\/?p=147636"},"modified":"2026-04-26T16:17:38","modified_gmt":"2026-04-26T16:17:38","slug":"burkina-le-spectacle-douverture-de-la-snc-juge-magnifique-par-les-festivaliers","status":"publish","type":"post","link":"https:\/\/www.aib.media\/?p=147636","title":{"rendered":"Burkina : Le spectacle d\u2019ouverture de la SNC jug\u00e9 \u00ab magnifique \u00bb par les festivaliers"},"content":{"rendered":"<p>Burkina-Culture-SNC<\/p>\n<p><strong>Burkina : Le spectacle d\u2019ouverture de la SNC jug\u00e9 \u00ab magnifique \u00bb par les festivaliers<\/strong><\/p>\n<p><strong>Bobo-Dioulasso, 26 avr. 2026 (AIB) \u2013 La 22e \u00e9dition de la Semaine nationale de la culture (SNC) s\u2019est ouverte samedi au stade Sangoul\u00e9 Lamizana de Bobo-Dioulasso, \u00e0 travers un spectacle qualifi\u00e9 de \u00ab magnifique \u00bb par de nombreux festivaliers venus assister \u00e0 la c\u00e9r\u00e9monie.<\/strong><\/p>\n<p>D\u00e8s les premi\u00e8res heures de la soir\u00e9e, le public, sorti massivement, avait pris d\u2019assaut les gradins du stade. Au micro de l\u2019AIB, plusieurs acteurs culturels et spectateurs ont exprim\u00e9 leur satisfaction car, ils ont vibr\u00e9 au rythme d\u2019une fresque artistique m\u00ealant danses, chor\u00e9graphies et prestations musicales, mettant en valeur la richesse culturelle du Burkina Faso.<\/p>\n<p>La r\u00e9alisatrice et productrice Kadi Traor\u00e9 a salu\u00e9 la qualit\u00e9 du spectacle. \u00ab J\u2019ai trouv\u00e9 le spectacle magnifique. C\u2019\u00e9tait une tr\u00e8s belle chor\u00e9graphie avec de super danseurs. Tout \u00e9tait en harmonie \u00bb, a-t-elle confi\u00e9.<\/p>\n<p>Selon elle, la prestation des artistes burkinab\u00e8 a d\u00e9montr\u00e9 l\u2019immense potentiel culturel du pays. \u00ab Cela prouve que nous avons du talent et que nous n\u2019avons pas n\u00e9cessairement besoin d\u2019artistes \u00e9trangers pour remplir nos salles \u00bb, a-t-elle soutenu, plaidant pour un meilleur accompagnement et une promotion accrue des artistes nationaux.<\/p>\n<p>Dans le m\u00eame \u00e9lan, l\u2019animatrice t\u00e9l\u00e9 Mami Y\u00e9r\u00e9, s\u2019est dite \u00e9merveill\u00e9e par la qualit\u00e9 de la c\u00e9r\u00e9monie. \u00ab Le spectacle d\u2019ouverture \u00e9tait fabuleux. Le Burkina Faso regorge de talents, de chor\u00e9graphes et de metteurs en sc\u00e8ne tr\u00e8s professionnels que nous devons valoriser \u00bb, a-t-elle affirm\u00e9.<\/p>\n<p>Elle a \u00e9galement salu\u00e9 l\u2019engouement du public rest\u00e9 jusqu\u2019\u00e0 la fin du spectacle. \u00ab J\u2019ai senti l\u2019essence m\u00eame de notre culture. Elle a \u00e9t\u00e9 mise en avant et nous devons en \u00eatre fiers \u00bb, a-t-elle ajout\u00e9.<\/p>\n<p>Le danseur chor\u00e9graphe Yaya Sanou a, pour sa part, relev\u00e9 la forte charge \u00e9motionnelle du spectacle. \u00ab C\u2019\u00e9tait un tr\u00e8s beau spectacle avec beaucoup d\u2019\u00e9motion. Bravo aux danseurs et \u00e0 toute l\u2019\u00e9quipe mobilis\u00e9e \u00bb, a-t-il indiqu\u00e9, souhaitant une suite festive plac\u00e9e sous le signe de la paix et de l\u2019unit\u00e9 nationale.<\/p>\n<p>La promotrice culturelle, Sita S\u00e9r\u00e9 Konat\u00e9, a salu\u00e9 l\u2019engagement des autorit\u00e9s en faveur de la culture. \u00ab Cette c\u00e9r\u00e9monie laisse pr\u00e9sager une r\u00e9ussite totale de la SNC 2026 \u00bb, a-t-elle estim\u00e9, soulignant l\u2019importance de la valorisation des cultures nationales longtemps n\u00e9glig\u00e9es.<\/p>\n<p>Pour le directeur provincial en charge de la Culture de la Kossin, Dembele Sanou, cette c\u00e9r\u00e9monie d\u2019ouverture constitue une affirmation de l\u2019identit\u00e9 et de la souverainet\u00e9 culturelle du Burkina Faso. \u00ab C\u2019est une r\u00e9ussite totale. Elle traduit notre r\u00e9silience et notre capacit\u00e9 de mobilisation \u00bb, a-t-il affirm\u00e9.<\/p>\n<p>Il a, par ailleurs, relev\u00e9 la richesse du programme de cette \u00e9dition, appelant les diff\u00e9rentes troupes \u00e0 comp\u00e9tir dans un esprit de fair-play afin de promouvoir la culture nationale au profit des g\u00e9n\u00e9rations futures.<\/p>\n<p>Plac\u00e9e sous le signe de la valorisation du patrimoine culturel et du r\u00f4le de la jeunesse, la SNC 2026 se poursuivra avec diverses comp\u00e9titions et animations artistiques dans la ville de Sya.<\/p>\n<p style=\"text-align: right\"><strong>Agence d\u2019information du Burkina<\/strong><br \/>\n<strong>DNK\/yos<\/strong><\/p>\n","protected":false},"excerpt":{"rendered":"<p>Burkina-Culture-SNC Burkina : Le spectacle d\u2019ouverture de la SNC jug\u00e9 \u00ab magnifique \u00bb par les festivaliers Bobo-Dioulasso, 26 avr. 2026 (AIB) \u2013 La 22e \u00e9dition de la Semaine nationale de la culture (SNC) s\u2019est ouverte samedi au stade Sangoul\u00e9 Lamizana de Bobo-Dioulasso, \u00e0 travers un spectacle qualifi\u00e9 de \u00ab magnifique \u00bb par de nombreux festivaliers [&hellip;]<\/p>\n","protected":false},"author":15,"featured_media":147637,"comment_status":"open","ping_status":"open","sticky":false,"template":"","format":"standard","meta":{"advanced_seo_description":"","jetpack_seo_html_title":"","jetpack_seo_noindex":false,"jetpack_post_was_ever_published":false,"footnotes":""},"categories":[173,93,121,203,65],"tags":[],"class_list":{"0":"post-147636","1":"post","2":"type-post","3":"status-publish","4":"format-standard","5":"has-post-thumbnail","7":"category-depeches","8":"category-flashinfos","9":"category-houet","10":"category-la-une-aib","11":"category-snc"},"jetpack_featured_media_url":"https:\/\/i0.wp.com\/www.aib.media\/wp-content\/uploads\/2026\/04\/IMG-20260426-WA0133.jpg?fit=1280%2C854&ssl=1","jetpack_shortlink":"https:\/\/wp.me\/pavbHe-Cpe","_links":{"self":[{"href":"https:\/\/www.aib.media\/index.php?rest_route=\/wp\/v2\/posts\/147636","targetHints":{"allow":["GET"]}}],"collection":[{"href":"https:\/\/www.aib.media\/index.php?rest_route=\/wp\/v2\/posts"}],"about":[{"href":"https:\/\/www.aib.media\/index.php?rest_route=\/wp\/v2\/types\/post"}],"author":[{"embeddable":true,"href":"https:\/\/www.aib.media\/index.php?rest_route=\/wp\/v2\/users\/15"}],"replies":[{"embeddable":true,"href":"https:\/\/www.aib.media\/index.php?rest_route=%2Fwp%2Fv2%2Fcomments&post=147636"}],"version-history":[{"count":1,"href":"https:\/\/www.aib.media\/index.php?rest_route=\/wp\/v2\/posts\/147636\/revisions"}],"predecessor-version":[{"id":147638,"href":"https:\/\/www.aib.media\/index.php?rest_route=\/wp\/v2\/posts\/147636\/revisions\/147638"}],"wp:featuredmedia":[{"embeddable":true,"href":"https:\/\/www.aib.media\/index.php?rest_route=\/wp\/v2\/media\/147637"}],"wp:attachment":[{"href":"https:\/\/www.aib.media\/index.php?rest_route=%2Fwp%2Fv2%2Fmedia&parent=147636"}],"wp:term":[{"taxonomy":"category","embeddable":true,"href":"https:\/\/www.aib.media\/index.php?rest_route=%2Fwp%2Fv2%2Fcategories&post=147636"},{"taxonomy":"post_tag","embeddable":true,"href":"https:\/\/www.aib.media\/index.php?rest_route=%2Fwp%2Fv2%2Ftags&post=147636"}],"curies":[{"name":"wp","href":"https:\/\/api.w.org\/{rel}","templated":true}]}}