{"id":147633,"date":"2026-04-26T13:01:39","date_gmt":"2026-04-26T13:01:39","guid":{"rendered":"https:\/\/www.aib.media\/?p=147633"},"modified":"2026-04-26T13:01:39","modified_gmt":"2026-04-26T13:01:39","slug":"burkina-snc-2026-le-ghana-invite-dhonneur-pour-renforcer-lintegration-culturelle-africaine-selon-le-president-traore","status":"publish","type":"post","link":"https:\/\/www.aib.media\/?p=147633","title":{"rendered":"Burkina\/SNC 2026 : Le Ghana, invit\u00e9 d\u2019honneur pour renforcer l\u2019int\u00e9gration culturelle africaine, selon le Pr\u00e9sident Traor\u00e9"},"content":{"rendered":"<p><strong>Burkina\/SNC 2026 : Le Ghana, invit\u00e9 d\u2019honneur pour renforcer l\u2019int\u00e9gration culturelle africaine, selon le Pr\u00e9sident Traor\u00e9<\/strong><\/p>\n<p><strong>Bobo-Dioulasso, 25 avril 2026 (AIB)-Le Pr\u00e9sident du Faso, le Capitaine Ibrahim Traor\u00e9, a affirm\u00e9, samedi \u00e0 Bobo-Dioulasso, que le choix du Ghana comme pays invit\u00e9 d\u2019honneur de la 22e \u00e9dition de la Semaine nationale de la culture (SNC) traduit une volont\u00e9 d\u2019ouverture culturelle et de renforcement des liens culturels africains.<\/strong><\/p>\n<p>Selon le chef de l\u2019\u00c9tat burkinab\u00e8, le Capitaine Ibrahim Traor\u00e9, la d\u00e9signation du Ghana d\u00e9passe le symbole et constitue \u00ab une opportunit\u00e9 strat\u00e9gique majeure \u00bb pour intensifier la coop\u00e9ration culturelle et accro\u00eetre le rayonnement international de la SNC.<\/p>\n<p>Le pr\u00e9sident Traor\u00e9 s\u2019exprimait par l\u2019interm\u00e9diaire du ministre charg\u00e9 de la Culture, samedi 25 avril 2026 \u00e0 Bobo-Dioulasso, lors de l\u2019ouverture officielle de la 22e messe de la culture burkinab\u00e8.<\/p>\n<p>\u00ab La culture ne s\u2019affirme pas sur elle-m\u00eame, elle se construit \u00e0 travers les \u00e9changes et le dialogue entre les peuples \u00bb, a indiqu\u00e9 le Capitaine Traor\u00e9, insistant sur la n\u00e9cessit\u00e9 d\u2019une ouverture \u00ab ma\u00eetris\u00e9e et fraternelle \u00bb pour renforcer l\u2019identit\u00e9 culturelle nationale.<\/p>\n<p>Le chef de l\u2019\u00c9tat a pr\u00e9sent\u00e9 le Ghana comme un pays riche d\u2019un patrimoine historique et culturel dense, marqu\u00e9 par des traditions s\u00e9culaires et une cr\u00e9ativit\u00e9 reconnue \u00e0 l\u2019\u00e9chelle continentale.<\/p>\n<p>Il a \u00e9voqu\u00e9 les h\u00e9ritages culturels, des rythmes akans aux traditions ashanties, en passant par les expressions artistiques contemporaines, qui traduisent une vision commune avec le Burkina Faso : celle d\u2019une Afrique fond\u00e9e sur ses valeurs communautaires et sa m\u00e9moire collective.<\/p>\n<p>Le Pr\u00e9sident du Faso a \u00e9galement exprim\u00e9 sa reconnaissance aux autorit\u00e9s et au peuple ghan\u00e9ens pour leur mobilisation et leur participation \u00e0 cette biennale culturelle.<\/p>\n<p>Il a, en outre, rappel\u00e9 les liens historiques entre les deux nations, indiquant que certaines communaut\u00e9s burkinab\u00e8 trouvent leurs origines sur le territoire ghan\u00e9en, notamment \u00e0 Gambaga.<\/p>\n<p>Il a relev\u00e9 que les populations frontali\u00e8res entretiennent des \u00e9changes constants, contribuant au renforcement de l\u2019int\u00e9gration entre les peuples.<\/p>\n<p style=\"text-align: right\"><strong>Agence d\u2019information du Burkina<\/strong><br \/>\n<strong>YOS\/ata<\/strong><\/p>\n","protected":false},"excerpt":{"rendered":"<p>Burkina\/SNC 2026 : Le Ghana, invit\u00e9 d\u2019honneur pour renforcer l\u2019int\u00e9gration culturelle africaine, selon le Pr\u00e9sident Traor\u00e9 Bobo-Dioulasso, 25 avril 2026 (AIB)-Le Pr\u00e9sident du Faso, le Capitaine Ibrahim Traor\u00e9, a affirm\u00e9, samedi \u00e0 Bobo-Dioulasso, que le choix du Ghana comme pays invit\u00e9 d\u2019honneur de la 22e \u00e9dition de la Semaine nationale de la culture (SNC) traduit [&hellip;]<\/p>\n","protected":false},"author":15,"featured_media":147634,"comment_status":"open","ping_status":"open","sticky":false,"template":"","format":"standard","meta":{"advanced_seo_description":"","jetpack_seo_html_title":"","jetpack_seo_noindex":false,"jetpack_post_was_ever_published":false,"footnotes":""},"categories":[173,93,121,203,65],"tags":[],"class_list":{"0":"post-147633","1":"post","2":"type-post","3":"status-publish","4":"format-standard","5":"has-post-thumbnail","7":"category-depeches","8":"category-flashinfos","9":"category-houet","10":"category-la-une-aib","11":"category-snc"},"jetpack_featured_media_url":"https:\/\/i0.wp.com\/www.aib.media\/wp-content\/uploads\/2026\/04\/IMG-20260426-WA00161.jpg?fit=1600%2C1067&ssl=1","jetpack_shortlink":"https:\/\/wp.me\/pavbHe-Cpb","_links":{"self":[{"href":"https:\/\/www.aib.media\/index.php?rest_route=\/wp\/v2\/posts\/147633","targetHints":{"allow":["GET"]}}],"collection":[{"href":"https:\/\/www.aib.media\/index.php?rest_route=\/wp\/v2\/posts"}],"about":[{"href":"https:\/\/www.aib.media\/index.php?rest_route=\/wp\/v2\/types\/post"}],"author":[{"embeddable":true,"href":"https:\/\/www.aib.media\/index.php?rest_route=\/wp\/v2\/users\/15"}],"replies":[{"embeddable":true,"href":"https:\/\/www.aib.media\/index.php?rest_route=%2Fwp%2Fv2%2Fcomments&post=147633"}],"version-history":[{"count":1,"href":"https:\/\/www.aib.media\/index.php?rest_route=\/wp\/v2\/posts\/147633\/revisions"}],"predecessor-version":[{"id":147635,"href":"https:\/\/www.aib.media\/index.php?rest_route=\/wp\/v2\/posts\/147633\/revisions\/147635"}],"wp:featuredmedia":[{"embeddable":true,"href":"https:\/\/www.aib.media\/index.php?rest_route=\/wp\/v2\/media\/147634"}],"wp:attachment":[{"href":"https:\/\/www.aib.media\/index.php?rest_route=%2Fwp%2Fv2%2Fmedia&parent=147633"}],"wp:term":[{"taxonomy":"category","embeddable":true,"href":"https:\/\/www.aib.media\/index.php?rest_route=%2Fwp%2Fv2%2Fcategories&post=147633"},{"taxonomy":"post_tag","embeddable":true,"href":"https:\/\/www.aib.media\/index.php?rest_route=%2Fwp%2Fv2%2Ftags&post=147633"}],"curies":[{"name":"wp","href":"https:\/\/api.w.org\/{rel}","templated":true}]}}