{"id":147630,"date":"2026-04-26T12:54:36","date_gmt":"2026-04-26T12:54:36","guid":{"rendered":"https:\/\/www.aib.media\/?p=147630"},"modified":"2026-04-26T12:54:36","modified_gmt":"2026-04-26T12:54:36","slug":"snc-2026-le-president-traore-invite-la-jeunesse-a-porter-lheritage-culturel-du-burkina-faso","status":"publish","type":"post","link":"https:\/\/www.aib.media\/?p=147630","title":{"rendered":"SNC 2026 : Le Pr\u00e9sident Traor\u00e9 invite la jeunesse \u00e0 porter l\u2019h\u00e9ritage culturel du Burkina Faso"},"content":{"rendered":"<p><strong>SNC 2026 : Le Pr\u00e9sident Traor\u00e9 invite la jeunesse \u00e0 porter l\u2019h\u00e9ritage culturel du Burkina Faso<\/strong><\/p>\n<p><strong>Bobo-Dioulasso, 25 avril 2026 (AIB)-Le Pr\u00e9sident du Faso, le Capitaine Ibrahim Traor\u00e9, a donn\u00e9, samedi \u00e0 Bobo-Dioulasso, les trois coups de gong marquant l\u2019ouverture officielle de la 22e \u00e9dition de la Semaine nationale de la culture (SNC), invitant \u00e0 r\u00e9fl\u00e9chir sur le r\u00f4le de la jeunesse en tant que b\u00e9n\u00e9ficiaire et actrice de la transmission culturelle.<\/strong><\/p>\n<p>\u00ab Le th\u00e8me de la 22e \u00e9dition de la SNC nous invite \u00e0 interroger notre responsabilit\u00e9 face \u00e0 la jeunesse, non seulement comme b\u00e9n\u00e9ficiaire, mais aussi comme acteur central de la transmission culturelle \u00bb, a d\u00e9clar\u00e9 le chef de l\u2019\u00c9tat burkinab\u00e8, le Capitaine Ibrahim Traor\u00e9, \u00e0 l\u2019ouverture de la biennale de la culture.<\/p>\n<p>Selon le Pr\u00e9sident du Faso, dont le discours a \u00e9t\u00e9 livr\u00e9 par le ministre charg\u00e9 de la Culture, Pingdwend\u00e9 Gilbert Ou\u00e9draogo, au-del\u00e0 des discours, il faut l\u00e9guer \u00e0 la jeunesse des rep\u00e8res, des valeurs, une m\u00e9moire et un sens du vivre-ensemble.<\/p>\n<p>Pour le Pr\u00e9sident Traor\u00e9, les crises \u00e9manent surtout de la rupture des liens, de la perte des rep\u00e8res et de la n\u00e9gation de l\u2019autre.<\/p>\n<p>Il a insist\u00e9 sur le r\u00f4le de la culture, ce pont qui relie les g\u00e9n\u00e9rations, ce socle sur lequel se construit l\u2019unit\u00e9 dans la diversit\u00e9.<\/p>\n<p>De ce point de vue, \u00ab Transmettre nos valeurs, c\u2019est enseigner le respect, la solidarit\u00e9, la dignit\u00e9, le courage et le patriotisme en agissant \u00bb, a affirm\u00e9 le chef de l\u2019\u00c9tat.<\/p>\n<p>Il a donc invit\u00e9 chaque jeune burkinab\u00e8 \u00e0 exprimer ce patriotisme en jouant sa partition dans la d\u00e9fense de la Nation et dans la construction d\u2019une paix durable.<\/p>\n<p>\u00ab\u00a0Si le Burkina Faso reste debout aujourd\u2019hui, c\u2019est parce qu\u2019il puise sa force dans les racines profondes de son identit\u00e9 culturelle, la d\u00e9termination de son peuple, le sacrifice de ses vaillantes forces combattantes et de ses intr\u00e9pides Volontaires pour la d\u00e9fense de la patrie\u00a0\u00bb, a conclu le capitaine Traor\u00e9.<\/p>\n<p>La 22e \u00e9dition de la SNC se tient jusqu\u2019au 2 mai 2026 dans la capitale \u00e9conomique du Burkina Faso, sur le th\u00e8me : \u00ab Culture, jeunesse et transmission des valeurs sociales \u00bb, avec la R\u00e9publique du Ghana comme invit\u00e9e d\u2019honneur et la Russie comme invit\u00e9e sp\u00e9ciale.<\/p>\n<p style=\"text-align: right\">\n<strong>Agence d\u2019information du Burkina<\/strong><br \/>\n<strong>YOS\/ata<\/strong><\/p>\n","protected":false},"excerpt":{"rendered":"<p>SNC 2026 : Le Pr\u00e9sident Traor\u00e9 invite la jeunesse \u00e0 porter l\u2019h\u00e9ritage culturel du Burkina Faso Bobo-Dioulasso, 25 avril 2026 (AIB)-Le Pr\u00e9sident du Faso, le Capitaine Ibrahim Traor\u00e9, a donn\u00e9, samedi \u00e0 Bobo-Dioulasso, les trois coups de gong marquant l\u2019ouverture officielle de la 22e \u00e9dition de la Semaine nationale de la culture (SNC), invitant \u00e0 [&hellip;]<\/p>\n","protected":false},"author":15,"featured_media":147631,"comment_status":"open","ping_status":"open","sticky":false,"template":"","format":"standard","meta":{"advanced_seo_description":"","jetpack_seo_html_title":"","jetpack_seo_noindex":false,"jetpack_post_was_ever_published":false,"footnotes":""},"categories":[173,93,121,203],"tags":[],"class_list":{"0":"post-147630","1":"post","2":"type-post","3":"status-publish","4":"format-standard","5":"has-post-thumbnail","7":"category-depeches","8":"category-flashinfos","9":"category-houet","10":"category-la-une-aib"},"jetpack_featured_media_url":"https:\/\/i0.wp.com\/www.aib.media\/wp-content\/uploads\/2026\/04\/IMG-20260426-WA00073.jpg?fit=1280%2C1027&ssl=1","jetpack_shortlink":"https:\/\/wp.me\/pavbHe-Cp8","_links":{"self":[{"href":"https:\/\/www.aib.media\/index.php?rest_route=\/wp\/v2\/posts\/147630","targetHints":{"allow":["GET"]}}],"collection":[{"href":"https:\/\/www.aib.media\/index.php?rest_route=\/wp\/v2\/posts"}],"about":[{"href":"https:\/\/www.aib.media\/index.php?rest_route=\/wp\/v2\/types\/post"}],"author":[{"embeddable":true,"href":"https:\/\/www.aib.media\/index.php?rest_route=\/wp\/v2\/users\/15"}],"replies":[{"embeddable":true,"href":"https:\/\/www.aib.media\/index.php?rest_route=%2Fwp%2Fv2%2Fcomments&post=147630"}],"version-history":[{"count":1,"href":"https:\/\/www.aib.media\/index.php?rest_route=\/wp\/v2\/posts\/147630\/revisions"}],"predecessor-version":[{"id":147632,"href":"https:\/\/www.aib.media\/index.php?rest_route=\/wp\/v2\/posts\/147630\/revisions\/147632"}],"wp:featuredmedia":[{"embeddable":true,"href":"https:\/\/www.aib.media\/index.php?rest_route=\/wp\/v2\/media\/147631"}],"wp:attachment":[{"href":"https:\/\/www.aib.media\/index.php?rest_route=%2Fwp%2Fv2%2Fmedia&parent=147630"}],"wp:term":[{"taxonomy":"category","embeddable":true,"href":"https:\/\/www.aib.media\/index.php?rest_route=%2Fwp%2Fv2%2Fcategories&post=147630"},{"taxonomy":"post_tag","embeddable":true,"href":"https:\/\/www.aib.media\/index.php?rest_route=%2Fwp%2Fv2%2Ftags&post=147630"}],"curies":[{"name":"wp","href":"https:\/\/api.w.org\/{rel}","templated":true}]}}