{"id":147627,"date":"2026-04-26T12:37:01","date_gmt":"2026-04-26T12:37:01","guid":{"rendered":"https:\/\/www.aib.media\/?p=147627"},"modified":"2026-04-26T12:37:01","modified_gmt":"2026-04-26T12:37:01","slug":"burkina-un-panel-du-mpfa-bf-met-en-avant-le-role-cle-des-femmes-dans-la-consolidation-de-la-paix-et-la-resilience","status":"publish","type":"post","link":"https:\/\/www.aib.media\/?p=147627","title":{"rendered":"Burkina: un panel du MPFA-BF met en avant le r\u00f4le cl\u00e9 des femmes dans la consolidation de la paix et la r\u00e9silience"},"content":{"rendered":"<p>BURKINA-PANEL-MPFA-BF<\/p>\n<p><strong>Burkina: un panel du MPFA-BF met en avant le r\u00f4le cl\u00e9 des femmes dans la consolidation de la paix et la r\u00e9silience<\/strong><\/p>\n<p><strong>Ouagadougou, 25 avr. 2026 (AIB) \u2013 Le Mouvement patriotique Le Faso d\u2019abord-Burkina Faso (MPFA-BF) a organis\u00e9, samedi \u00e0 Ouagadougou, un panel autour du th\u00e8me : \u00ab Femme, pilier structurant de la paix durable au Burkina Faso : de la reconnaissance symbolique \u00e0 l\u2019institutionnalisation des m\u00e9canismes d\u2019action \u00bb, en vue de promouvoir une implication accrue des femmes dans les processus de paix et de gouvernance.<\/strong><\/p>\n<p>Le pr\u00e9sident du MPFA-BF, Hayouba Ouattara, a indiqu\u00e9 que ce panel vise \u00e0 sensibiliser les femmes burkinab\u00e8 sur leur r\u00f4le strat\u00e9gique au-del\u00e0 du cadre familial, les invitant \u00e0 s\u2019engager davantage dans les sph\u00e8res de d\u00e9cision et \u00e0 assumer pleinement les responsabilit\u00e9s qui en d\u00e9coulent.<\/p>\n<p>Selon lui, dans un contexte national marqu\u00e9 par des d\u00e9fis s\u00e9curitaires et socio-\u00e9conomiques, il est n\u00e9cessaire de mobiliser toutes les forces vives, en particulier les femmes, qu\u2019il consid\u00e8re comme des actrices centrales de la stabilit\u00e9, de la r\u00e9silience et de la coh\u00e9sion sociale.<\/p>\n<p>M. Ouattara a insist\u00e9 sur l\u2019importance de d\u00e9passer la simple reconnaissance symbolique du r\u00f4le des femmes pour aller vers leur int\u00e9gration effective dans les instances d\u00e9cisionnelles, la mise en place de m\u00e9canismes de participation aux processus de paix, ainsi que le renforcement de leur autonomisation \u00e9conomique.<\/p>\n<p>Le pr\u00e9sident du MPFA-BF a exprim\u00e9 sa reconnaissance \u00e0 la ministre de la Famille et de la Solidarit\u00e9 pour son engagement en faveur de la coh\u00e9sion sociale et du r\u00f4le strat\u00e9gique des femmes.<\/p>\n<p>Il a \u00e9galement rendu hommage aux Forces de d\u00e9fense et de s\u00e9curit\u00e9 pour leur contribution \u00e0 la pr\u00e9servation de l\u2019int\u00e9grit\u00e9 territoriale.<\/p>\n<p>M. Ouattara a aussi r\u00e9affirm\u00e9 le soutien de son mouvement aux autorit\u00e9s burkinab\u00e8 dans la restauration de l\u2019\u00c9tat et la consolidation de l\u2019ind\u00e9pendance nationale.<\/p>\n<p>Le repr\u00e9sentant du pr\u00e9sident du Conseil national de l\u2019\u00e9conomie informelle, parrain de l\u2019activit\u00e9, Arouna Kabor\u00e9, a pour sa part mis en exergue la contribution majeure des femmes dans l\u2019\u00e9conomie nationale, notamment dans le secteur informel, qui repr\u00e9sente plus de 80 % du tissu productif.<\/p>\n<p>Selon lui, les femmes jouent un r\u00f4le d\u00e9terminant dans la coh\u00e9sion sociale, l\u2019\u00e9ducation et la gestion des conflits au sein des communaut\u00e9s.<\/p>\n<p>Il a ainsi plaid\u00e9 pour la mise en place de m\u00e9canismes durables en faveur de leur autonomisation, tels que la cr\u00e9ation de fonds d\u00e9di\u00e9s \u00e0 l\u2019entrepreneuriat f\u00e9minin, l\u2019acc\u00e8s aux microcr\u00e9dits, aux formations et aux march\u00e9s.<\/p>\n<p>M. Kabor\u00e9 a \u00e9galement appel\u00e9 \u00e0 une meilleure int\u00e9gration des femmes dans les politiques publiques, notamment \u00e0 travers des quotas et un dispositif rigoureux de suivi-\u00e9valuation, afin de garantir des r\u00e9sultats concrets.<\/p>\n<p>Quatre sous-th\u00e9matiques ont structur\u00e9 les \u00e9changes au cours de ce panel, \u00e0 savoir : \u00ab Femme et consolidation de la paix durable \u00bb, \u00ab Leadership f\u00e9minin et gouvernance inclusive \u00bb, \u00ab Femmes, coh\u00e9sion sociale et r\u00e9silience communautaire \u00bb et \u00ab Institutionnalisation des m\u00e9canismes d\u2019action f\u00e9minine dans les politiques publiques \u00bb.<\/p>\n<p style=\"text-align: right\"><strong>Agence d\u2019information du Burkina<\/strong><br \/>\n<strong>BAK\/no<\/strong><\/p>\n","protected":false},"excerpt":{"rendered":"<p>BURKINA-PANEL-MPFA-BF Burkina: un panel du MPFA-BF met en avant le r\u00f4le cl\u00e9 des femmes dans la consolidation de la paix et la r\u00e9silience Ouagadougou, 25 avr. 2026 (AIB) \u2013 Le Mouvement patriotique Le Faso d\u2019abord-Burkina Faso (MPFA-BF) a organis\u00e9, samedi \u00e0 Ouagadougou, un panel autour du th\u00e8me : \u00ab Femme, pilier structurant de la paix [&hellip;]<\/p>\n","protected":false},"author":15,"featured_media":147628,"comment_status":"open","ping_status":"open","sticky":false,"template":"","format":"standard","meta":{"advanced_seo_description":"","jetpack_seo_html_title":"","jetpack_seo_noindex":false,"jetpack_post_was_ever_published":false,"footnotes":""},"categories":[173,93,102,203],"tags":[],"class_list":{"0":"post-147627","1":"post","2":"type-post","3":"status-publish","4":"format-standard","5":"has-post-thumbnail","7":"category-depeches","8":"category-flashinfos","9":"category-kadiogo","10":"category-la-une-aib"},"jetpack_featured_media_url":"https:\/\/i0.wp.com\/www.aib.media\/wp-content\/uploads\/2026\/04\/IMG-20260426-WA00791.jpg?fit=1280%2C853&ssl=1","jetpack_shortlink":"https:\/\/wp.me\/pavbHe-Cp5","_links":{"self":[{"href":"https:\/\/www.aib.media\/index.php?rest_route=\/wp\/v2\/posts\/147627","targetHints":{"allow":["GET"]}}],"collection":[{"href":"https:\/\/www.aib.media\/index.php?rest_route=\/wp\/v2\/posts"}],"about":[{"href":"https:\/\/www.aib.media\/index.php?rest_route=\/wp\/v2\/types\/post"}],"author":[{"embeddable":true,"href":"https:\/\/www.aib.media\/index.php?rest_route=\/wp\/v2\/users\/15"}],"replies":[{"embeddable":true,"href":"https:\/\/www.aib.media\/index.php?rest_route=%2Fwp%2Fv2%2Fcomments&post=147627"}],"version-history":[{"count":1,"href":"https:\/\/www.aib.media\/index.php?rest_route=\/wp\/v2\/posts\/147627\/revisions"}],"predecessor-version":[{"id":147629,"href":"https:\/\/www.aib.media\/index.php?rest_route=\/wp\/v2\/posts\/147627\/revisions\/147629"}],"wp:featuredmedia":[{"embeddable":true,"href":"https:\/\/www.aib.media\/index.php?rest_route=\/wp\/v2\/media\/147628"}],"wp:attachment":[{"href":"https:\/\/www.aib.media\/index.php?rest_route=%2Fwp%2Fv2%2Fmedia&parent=147627"}],"wp:term":[{"taxonomy":"category","embeddable":true,"href":"https:\/\/www.aib.media\/index.php?rest_route=%2Fwp%2Fv2%2Fcategories&post=147627"},{"taxonomy":"post_tag","embeddable":true,"href":"https:\/\/www.aib.media\/index.php?rest_route=%2Fwp%2Fv2%2Ftags&post=147627"}],"curies":[{"name":"wp","href":"https:\/\/api.w.org\/{rel}","templated":true}]}}