{"id":147624,"date":"2026-04-26T00:15:22","date_gmt":"2026-04-26T00:15:22","guid":{"rendered":"https:\/\/www.aib.media\/?p=147624"},"modified":"2026-04-26T00:15:22","modified_gmt":"2026-04-26T00:15:22","slug":"passore-le-nouveau-directeur-provincial-en-charge-de-la-famille-place-son-mandat-sous-le-signe-de-la-consolidation-des-acquis","status":"publish","type":"post","link":"https:\/\/www.aib.media\/?p=147624","title":{"rendered":"Passor\u00e9 : Le nouveau directeur provincial en charge de la Famille place son mandat sous le signe de la consolidation des acquis"},"content":{"rendered":"<p>Burkina-Passor\u00e9-Installation-Directeur<\/p>\n<p><strong>Passor\u00e9 : Le nouveau directeur provincial en charge de la Famille place son mandat sous le signe de la consolidation des acquis<\/strong><\/p>\n<p><strong>Yako, 24 avr. 2026 (AIB) -Le secr\u00e9taire g\u00e9n\u00e9ral de la province du Passor\u00e9, Sa\u00efdou Ou\u00e9draogo, a proc\u00e9d\u00e9, le mardi 21 avril 2026, \u00e0 l\u2019installation du nouveau directeur provincial (DP) de la Famille et de la Solidarit\u00e9 du Passor\u00e9, Daouda Derra.A cette occasion, le nouveau DP a plac\u00e9 son mandat sous le signe de la continuit\u00e9, du renforcement de la concertation, de la transparence et de la consolidation des acquis.<\/strong><\/p>\n<p>La c\u00e9r\u00e9monie d\u2019installation a connu une forte mobilisation, avec la pr\u00e9sence des autorit\u00e9s administratives provinciales et r\u00e9gionales, des responsables coutumiers et religieux, des Forces de d\u00e9fense et de s\u00e9curit\u00e9, des paramilitaires, des organisations de la soci\u00e9t\u00e9 civile, des personnes vivant avec un handicap, ainsi que des proches, amis et coll\u00e8gues.<\/p>\n<p>Le nouveau directeur provincial, Daouda Derra, qui succ\u00e8de \u00e0 Elvis Bambio, a salu\u00e9 les efforts et les sacrifices consentis par son pr\u00e9d\u00e9cesseur durant son mandat \u00e0 la t\u00eate de la direction provinciale du Passor\u00e9.<\/p>\n<p>M. Derra a exprim\u00e9 sa gratitude aux plus hautes autorit\u00e9s pour la confiance plac\u00e9e en sa personne et a rendu gr\u00e2ce \u00e0 Dieu pour lui avoir permis de servir pendant plus de cinq ans dans la province du Loroum.<\/p>\n<p>Il a indiqu\u00e9 que ses priorit\u00e9s seront ax\u00e9es sur le bien-\u00eatre des populations, notamment les personnes indigentes, les personnes d\u00e9plac\u00e9es internes (PDI) ainsi que celles retourn\u00e9es dans leurs localit\u00e9s d\u2019origine.<\/p>\n<p>\u00ab Vous serez mis \u00e0 contribution pour maintenir en l\u2019\u00e9tat tout ce qui a \u00e9t\u00e9 fait et, pour ce qui reste \u00e0 accomplir, chacun apportera sa pierre \u00e0 la recherche de strat\u00e9gies correctrices \u00bb, a-t-il d\u00e9clar\u00e9 \u00e0 ses collaborateurs.<\/p>\n<p>Le directeur provincial sortant, Elvis Bambio, a dress\u00e9 un bilan satisfaisant malgr\u00e9 des ressources limit\u00e9es.<\/p>\n<p>Il a toutefois relev\u00e9 plusieurs d\u00e9fis majeurs, notamment l\u2019appauvrissement des m\u00e9nages, la lutte contre les violences bas\u00e9es sur le genre et certaines pratiques sociales n\u00e9fastes.<\/p>\n<p>M. Bambio a invit\u00e9 ses anciens collaborateurs \u00e0 soutenir son successeur pour la r\u00e9ussite de sa mission.<\/p>\n<p>Au nom des corps constitu\u00e9s, le directeur provincial en charge de l\u2019Enseignement de base du Passor\u00e9, Mahamoudou Kioho, a f\u00e9licit\u00e9 le nouveau directeur et l\u2019a assur\u00e9 de l\u2019engagement des structures provinciales \u00e0 l\u2019accompagner dans l\u2019atteinte des objectifs fix\u00e9s.<\/p>\n<p>Pour rappel, Daouda Derra a \u00e9t\u00e9 nomm\u00e9, le jeudi 2 avril 2026, comme nouveau directeur provincial en charge de la Famille du Passor\u00e9.<\/p>\n<p style=\"text-align: right\"><strong>Agence d\u2019information du Burkina<\/strong><br \/>\n<strong>ZES\/no\/bak<\/strong><\/p>\n","protected":false},"excerpt":{"rendered":"<p>Burkina-Passor\u00e9-Installation-Directeur Passor\u00e9 : Le nouveau directeur provincial en charge de la Famille place son mandat sous le signe de la consolidation des acquis Yako, 24 avr. 2026 (AIB) -Le secr\u00e9taire g\u00e9n\u00e9ral de la province du Passor\u00e9, Sa\u00efdou Ou\u00e9draogo, a proc\u00e9d\u00e9, le mardi 21 avril 2026, \u00e0 l\u2019installation du nouveau directeur provincial (DP) de la Famille [&hellip;]<\/p>\n","protected":false},"author":15,"featured_media":147625,"comment_status":"open","ping_status":"open","sticky":false,"template":"","format":"standard","meta":{"advanced_seo_description":"","jetpack_seo_html_title":"","jetpack_seo_noindex":false,"jetpack_post_was_ever_published":false,"footnotes":""},"categories":[173,93,203,125],"tags":[],"class_list":{"0":"post-147624","1":"post","2":"type-post","3":"status-publish","4":"format-standard","5":"has-post-thumbnail","7":"category-depeches","8":"category-flashinfos","9":"category-la-une-aib","10":"category-passore"},"jetpack_featured_media_url":"https:\/\/i0.wp.com\/www.aib.media\/wp-content\/uploads\/2026\/04\/IMG-20260425-WA01781.jpg?fit=2080%2C936&ssl=1","jetpack_shortlink":"https:\/\/wp.me\/pavbHe-Cp2","_links":{"self":[{"href":"https:\/\/www.aib.media\/index.php?rest_route=\/wp\/v2\/posts\/147624","targetHints":{"allow":["GET"]}}],"collection":[{"href":"https:\/\/www.aib.media\/index.php?rest_route=\/wp\/v2\/posts"}],"about":[{"href":"https:\/\/www.aib.media\/index.php?rest_route=\/wp\/v2\/types\/post"}],"author":[{"embeddable":true,"href":"https:\/\/www.aib.media\/index.php?rest_route=\/wp\/v2\/users\/15"}],"replies":[{"embeddable":true,"href":"https:\/\/www.aib.media\/index.php?rest_route=%2Fwp%2Fv2%2Fcomments&post=147624"}],"version-history":[{"count":1,"href":"https:\/\/www.aib.media\/index.php?rest_route=\/wp\/v2\/posts\/147624\/revisions"}],"predecessor-version":[{"id":147626,"href":"https:\/\/www.aib.media\/index.php?rest_route=\/wp\/v2\/posts\/147624\/revisions\/147626"}],"wp:featuredmedia":[{"embeddable":true,"href":"https:\/\/www.aib.media\/index.php?rest_route=\/wp\/v2\/media\/147625"}],"wp:attachment":[{"href":"https:\/\/www.aib.media\/index.php?rest_route=%2Fwp%2Fv2%2Fmedia&parent=147624"}],"wp:term":[{"taxonomy":"category","embeddable":true,"href":"https:\/\/www.aib.media\/index.php?rest_route=%2Fwp%2Fv2%2Fcategories&post=147624"},{"taxonomy":"post_tag","embeddable":true,"href":"https:\/\/www.aib.media\/index.php?rest_route=%2Fwp%2Fv2%2Ftags&post=147624"}],"curies":[{"name":"wp","href":"https:\/\/api.w.org\/{rel}","templated":true}]}}