{"id":147618,"date":"2026-04-25T20:49:51","date_gmt":"2026-04-25T20:49:51","guid":{"rendered":"https:\/\/www.aib.media\/?p=147618"},"modified":"2026-04-25T20:49:51","modified_gmt":"2026-04-25T20:49:51","slug":"burkina-consommons-local-268-eleves-de-lecole-primaire-publique-de-karpaala-c-formes-en-teinture","status":"publish","type":"post","link":"https:\/\/www.aib.media\/?p=147618","title":{"rendered":"Burkina\/Consommons local : 268 \u00e9l\u00e8ves de l\u2019\u00e9cole primaire publique de Karpaala C form\u00e9s en teinture"},"content":{"rendered":"<p>BURKINA-EDUCATION-FORMATION-ELEVES-TEINTURE<\/p>\n<p><strong>Burkina\/Consommons local : 268 \u00e9l\u00e8ves de l\u2019\u00e9cole primaire publique de Karpaala C form\u00e9s en teinture<\/strong><\/p>\n<p><strong>Ouagadougou, 25 avr.2026 (AIB)- Le bureau du Conseil de l\u2019\u00e9cole primaire publique de Karpaala C a form\u00e9, samedi, 268 \u00e9l\u00e8ves en teinture, en vue de leur permettre de promouvoir le \u00ab consommons local \u00bb et de valoriser l\u2019identit\u00e9 culturelle burkinab\u00e8 adapt\u00e9e aux r\u00e9alit\u00e9s du pays.<\/strong><\/p>\n<p>\u00ab La session de formation des \u00e9l\u00e8ves en teinture va permettre \u00e0 nos enfants, en plus des comp\u00e9tences scolaires acquises, d\u2019apprendre un m\u00e9tier utile et de d\u00e9velopper leur cr\u00e9ativit\u00e9 afin de mieux se pr\u00e9parer \u00e0 la vie active \u00bb, a affirm\u00e9 le pr\u00e9sident du Conseil de l\u2019\u00e9cole primaire publique de Karpaala C de Ouagadougou, Abdramane Zampaligr\u00e9.<\/p>\n<p>Selon lui, 268 \u00e9l\u00e8ves vont renforcer leurs capacit\u00e9s pendant deux jours sur la teinture en koko dunda, dans les locaux de l\u2019\u00e9tablissement scolaire.<\/p>\n<p>M. Zampaligr\u00e9 a indiqu\u00e9 que l\u2019\u00e9cole de Karpaala C veut, \u00e0 travers cette initiation \u00e0 la teinture, contribuer \u00e0 la valorisation de la culture burkinab\u00e8 et encourager le travail manuel, conform\u00e9ment \u00e0 la vision du Pr\u00e9sident du Faso, le capitaine Ibrahim Traor\u00e9.<\/p>\n<p>\u00ab C\u2019est une chance pour vous, chers \u00e9l\u00e8ves, d\u2019\u00eatre form\u00e9s en teinture et je vous encourage \u00e0 rester attentifs, s\u00e9rieux et motiv\u00e9s afin d\u2019en tirer le meilleur pour votre vie active \u00bb, a-t-il exhort\u00e9.<\/p>\n<p>La directrice de l\u2019\u00e9cole primaire publique de Karpaala C, Fatoumata Sandwidi\/Konat\u00e9, a pour sa part assur\u00e9 que la mission de l\u2019\u00e9cole, selon la vision du capitaine Traor\u00e9, est de faire acqu\u00e9rir non seulement des comp\u00e9tences scolaires aux apprenants, mais aussi de les pr\u00e9parer \u00e0 la vie active et \u00e0 l\u2019insertion socio-professionnelle.<\/p>\n<p>\u00ab Cette formation en teinture est une r\u00e9ponse \u00e0 l\u2019initiative pr\u00e9sidentielle qui vise \u00e0 faire de l\u2019\u00e9ducation burkinab\u00e8 un tremplin du d\u00e9veloppement endog\u00e8ne \u00bb, a confi\u00e9 Mme Sandwidi.<\/p>\n<p>Elle a par ailleurs invit\u00e9 les \u00e9l\u00e8ves \u00e0 rester humbles et sages afin de bien apprendre la technique de la teinture en koko dunda, tout en r\u00e9affirmant la d\u00e9termination des enseignants \u00e0 mener avec abn\u00e9gation cette mission qui contribuera \u00e0 former des citoyens \u00ab patriotes \u00bb, \u00ab int\u00e8gres \u00bb et \u00ab travailleurs \u00bb.<\/p>\n<p>Profitant de l\u2019occasion, la directrice a \u00e9galement \u00e9voqu\u00e9 quelques difficult\u00e9s qui entravent le bon fonctionnement de l\u2019\u00e9cole de Karpaala C.<\/p>\n<p>Il s\u2019agit notamment de la r\u00e9fection du premier b\u00e2timent de l\u2019\u00e9tablissement, du manque d\u2019eau pour certaines activit\u00e9s comme le jardinage, de l\u2019insuffisance de mobilier scolaire, de l\u2019absence d\u2019\u00e9clairage, de l\u2019inaccessibilit\u00e9 de la cour en saison des pluies, ainsi que du besoin en tables-bancs et en armoires.<\/p>\n<p>Le repr\u00e9sentant du chef de la circonscription d\u2019\u00e9ducation de base (CCEB) de Ouaga 11, Babou Bationo, a f\u00e9licit\u00e9 le Conseil de l\u2019\u00e9cole de Karpaala C pour cette initiative de formation en teinture, en phase avec les aspirations de la R\u00e9volution progressiste populaire (RPP), qu\u2019il juge \u00e0 encourager pour le bonheur des citoyens burkinab\u00e8.<\/p>\n<p>M. Bationo a aussi remerci\u00e9 tous les partenaires ayant soutenu cette initiative port\u00e9e par les plus hautes autorit\u00e9s du pays.<\/p>\n<p>\u00ab A travers cette formation, ces apprenants acquerront des comp\u00e9tences endog\u00e8nes qui leur permettront d\u2019\u00eatre fiers d\u2019eux-m\u00eames et de leur identit\u00e9 burkinab\u00e8 \u00bb, a-t-il d\u00e9clar\u00e9.<\/p>\n<p>Le repr\u00e9sentant du parrain, Sayouba Sanfo, a salu\u00e9 cette d\u00e9marche de l\u2019\u00e9cole primaire publique de Karpaala C, qui vise \u00e0 former les futurs hommes de demain en des Burkinab\u00e8 \u00ab dignes \u00bb et \u00ab patriotes \u00bb.<\/p>\n<p>Il a appel\u00e9 les bonnes volont\u00e9s et les partenaires \u00e0 accompagner cette initiative afin d\u2019en assurer le succ\u00e8s au grand bonheur de la population.<\/p>\n<p>\u00ab Ce type de formation devrait \u00eatre assur\u00e9 dans les \u00e9coles primaires publiques et priv\u00e9es du Burkina \u00bb, a ajout\u00e9 le repr\u00e9sentant du pr\u00e9sident national de l\u2019\u00e9conomie informelle, Salifou Niki\u00e8ma.<\/p>\n<p style=\"text-align: right\"><strong>Agence d\u2019information du Burkina<\/strong><br \/>\n<strong>NO\/bak<\/strong><\/p>\n","protected":false},"excerpt":{"rendered":"<p>BURKINA-EDUCATION-FORMATION-ELEVES-TEINTURE Burkina\/Consommons local : 268 \u00e9l\u00e8ves de l\u2019\u00e9cole primaire publique de Karpaala C form\u00e9s en teinture Ouagadougou, 25 avr.2026 (AIB)- Le bureau du Conseil de l\u2019\u00e9cole primaire publique de Karpaala C a form\u00e9, samedi, 268 \u00e9l\u00e8ves en teinture, en vue de leur permettre de promouvoir le \u00ab consommons local \u00bb et de valoriser l\u2019identit\u00e9 culturelle [&hellip;]<\/p>\n","protected":false},"author":15,"featured_media":147619,"comment_status":"open","ping_status":"open","sticky":false,"template":"","format":"standard","meta":{"advanced_seo_description":"","jetpack_seo_html_title":"","jetpack_seo_noindex":false,"jetpack_post_was_ever_published":false,"footnotes":""},"categories":[173,93,102,203],"tags":[],"class_list":{"0":"post-147618","1":"post","2":"type-post","3":"status-publish","4":"format-standard","5":"has-post-thumbnail","7":"category-depeches","8":"category-flashinfos","9":"category-kadiogo","10":"category-la-une-aib"},"jetpack_featured_media_url":"https:\/\/i0.wp.com\/www.aib.media\/wp-content\/uploads\/2026\/04\/IMG-20260425-WA01571.jpg?fit=1600%2C1066&ssl=1","jetpack_shortlink":"https:\/\/wp.me\/pavbHe-CoW","_links":{"self":[{"href":"https:\/\/www.aib.media\/index.php?rest_route=\/wp\/v2\/posts\/147618","targetHints":{"allow":["GET"]}}],"collection":[{"href":"https:\/\/www.aib.media\/index.php?rest_route=\/wp\/v2\/posts"}],"about":[{"href":"https:\/\/www.aib.media\/index.php?rest_route=\/wp\/v2\/types\/post"}],"author":[{"embeddable":true,"href":"https:\/\/www.aib.media\/index.php?rest_route=\/wp\/v2\/users\/15"}],"replies":[{"embeddable":true,"href":"https:\/\/www.aib.media\/index.php?rest_route=%2Fwp%2Fv2%2Fcomments&post=147618"}],"version-history":[{"count":1,"href":"https:\/\/www.aib.media\/index.php?rest_route=\/wp\/v2\/posts\/147618\/revisions"}],"predecessor-version":[{"id":147620,"href":"https:\/\/www.aib.media\/index.php?rest_route=\/wp\/v2\/posts\/147618\/revisions\/147620"}],"wp:featuredmedia":[{"embeddable":true,"href":"https:\/\/www.aib.media\/index.php?rest_route=\/wp\/v2\/media\/147619"}],"wp:attachment":[{"href":"https:\/\/www.aib.media\/index.php?rest_route=%2Fwp%2Fv2%2Fmedia&parent=147618"}],"wp:term":[{"taxonomy":"category","embeddable":true,"href":"https:\/\/www.aib.media\/index.php?rest_route=%2Fwp%2Fv2%2Fcategories&post=147618"},{"taxonomy":"post_tag","embeddable":true,"href":"https:\/\/www.aib.media\/index.php?rest_route=%2Fwp%2Fv2%2Ftags&post=147618"}],"curies":[{"name":"wp","href":"https:\/\/api.w.org\/{rel}","templated":true}]}}