{"id":147558,"date":"2026-04-24T15:37:57","date_gmt":"2026-04-24T15:37:57","guid":{"rendered":"https:\/\/www.aib.media\/?p=147558"},"modified":"2026-04-24T15:37:57","modified_gmt":"2026-04-24T15:37:57","slug":"sissili-le-village-de-koumbogoro-mobilise-plus-de-140-sacs-de-vivres-pour-soutenir-lelan-de-solidarite-du-president-du-faso","status":"publish","type":"post","link":"https:\/\/www.aib.media\/?p=147558","title":{"rendered":"Sissili : le village de Koumbogoro mobilise plus de 140 sacs de vivres pour soutenir l\u2019\u00e9lan de solidarit\u00e9 du Pr\u00e9sident du Faso"},"content":{"rendered":"<p><strong>Sissili : le village de Koumbogoro mobilise plus de 140 sacs de vivres pour soutenir l\u2019\u00e9lan de solidarit\u00e9 du Pr\u00e9sident du Faso<\/strong><\/p>\n<p><strong>Koumbogoro, 23 avril 2026 (AIB)-Les populations du village de Koumbogoro, dans la commune de Bi\u00e9ha, province de la Sissili, ont remis , le jeudi 23 avril 2026, une importante quantit\u00e9 de vivres destin\u00e9e aux personnes vuln\u00e9rables. Cette action, port\u00e9e par le Front de d\u00e9fense pour la patrie (FDP), s\u2019inscrit dans le cadre de l\u2019initiative \u00ab D\u00e8m\u00e8-Sira \u00bb pr\u00f4n\u00e9e par le Chef de l\u2019\u00c9tat.<\/strong><\/p>\n<p>C\u2019est une mobilisation des grands jours qui a accueilli le Haut-Commissaire de la province de la Sissili, T\u00e9wend\u00e9 Isaac Sia, \u00e0 Koumbogoro.<\/p>\n<p>Entre danses de masques et troupes traditionnelles, l\u2019ambiance culturelle a marqu\u00e9 la volont\u00e9 des populations de renouer avec leurs racines tout en r\u00e9pondant \u00e0 l\u2019appel \u00e0 la solidarit\u00e9 nationale lanc\u00e9 par le capitaine Ibrahim Traor\u00e9.<\/p>\n<p>Au total, ce sont 141 sacs de ma\u00efs de 50 kg qui ont \u00e9t\u00e9 collect\u00e9s. Dans le d\u00e9tail, le bureau local du FDP a mobilis\u00e9 130 sacs pour le Pr\u00e9sident du Faso, tandis que les femmes de Koumbogoro, faisant preuve d\u2019un engagement remarquable, ont offert 11 sacs destin\u00e9s au minist\u00e8re de la Famille et de la Solidarit\u00e9.<\/p>\n<p>Pour le Haut-Commissaire, T\u00e9wend\u00e9 Isaac Sia, ce geste d\u00e9passe la simple assistance alimentaire.<\/p>\n<p>\u00ab Ce geste permet \u00e0 chacun de nous de contribuer \u00e0 l\u2019effort de paix et d\u2019aider le Chef de l\u2019\u00c9tat dans sa prise en charge des personnes vuln\u00e9rables \u00bb, a-t-il d\u00e9clar\u00e9.<\/p>\n<p>F\u00e9licitant les initiateurs, il a soulign\u00e9 le caract\u00e8re in\u00e9dit de cette organisation villageoise et a invit\u00e9 les autres localit\u00e9s de la province \u00e0 embo\u00eeter le pas \u00e0 Koumbogoro pour accompagner la mission de stabilisation du pays.<\/p>\n<p>Le coordonnateur national du FDP, Lassan\u00e9 Sawadogo, ayant effectu\u00e9 le d\u00e9placement depuis Ouagadougou, a salu\u00e9 la prise de conscience des jeunes et des a\u00een\u00e9s de la localit\u00e9.<\/p>\n<p>\u00ab Si nous voulons notre ind\u00e9pendance v\u00e9ritable, nous devons prouver au monde entier que nous comptons sur nos propres forces pour notre d\u00e9veloppement. Produisons ce que nous consommons et consommons ce que nous produisons \u00bb, a-t-il martel\u00e9, faisant \u00e9cho aux id\u00e9aux des capitaines Thomas Sankara et Ibrahim Traor\u00e9.<\/p>\n<p>Il a \u00e9galement soulign\u00e9 que ce don est le fruit d\u2019un travail de veille citoyenne et de sensibilisation entam\u00e9 l\u2019ann\u00e9e derni\u00e8re dans le village.<\/p>\n<p>Pour lui, la pr\u00e9sence des masques lors de la c\u00e9r\u00e9monie, en lien avec la Semaine nationale de la culture (SNC), t\u00e9moigne d\u2019un retour salvateur aux valeurs de patrie et d\u2019entraide.<\/p>\n<p>Tati\u00e9 Nacro, membre du FDP et citoyen de Koumbogoro, a tenu \u00e0 exprimer le soutien sans faille des habitants au Chef de l\u2019\u00c9tat.<\/p>\n<p>\u00ab Cette initiative vise \u00e0 soutenir le Pr\u00e9sident et \u00e0 contribuer au d\u00e9veloppement du pays pour qu\u2019il puisse aller de l\u2019avant \u00bb, a-t-il soulign\u00e9.<\/p>\n<p>Le pr\u00e9sident de la d\u00e9l\u00e9gation sp\u00e9ciale (PDS) de Bi\u00e9ha et le repr\u00e9sentant du chef de canton ont, tour \u00e0 tour, salu\u00e9 cette dynamique unitaire et invoqu\u00e9 les b\u00e9n\u00e9dictions des anc\u00eatres pour la paix au Burkina Faso.<\/p>\n<p>En rappel, cette c\u00e9r\u00e9monie marque la deuxi\u00e8me action de cette envergure men\u00e9e au cours du mois d\u2019avril par la coordination provinciale du FDP de la Sissili, dirig\u00e9e par Mamoudou Kologo.<\/p>\n<p>Les vivres collect\u00e9s seront centralis\u00e9s par le Haut-Commissariat avant d\u2019\u00eatre transmis \u00e0 la Pr\u00e9sidence du Faso.<\/p>\n<p style=\"text-align: right\"><strong>Agence d\u2019Information du Burkina<\/strong><br \/>\n<strong>BAN\/ata<\/strong><\/p>\n","protected":false},"excerpt":{"rendered":"<p>Sissili : le village de Koumbogoro mobilise plus de 140 sacs de vivres pour soutenir l\u2019\u00e9lan de solidarit\u00e9 du Pr\u00e9sident du Faso Koumbogoro, 23 avril 2026 (AIB)-Les populations du village de Koumbogoro, dans la commune de Bi\u00e9ha, province de la Sissili, ont remis , le jeudi 23 avril 2026, une importante quantit\u00e9 de vivres destin\u00e9e [&hellip;]<\/p>\n","protected":false},"author":21,"featured_media":147559,"comment_status":"open","ping_status":"open","sticky":false,"template":"","format":"standard","meta":{"advanced_seo_description":"","jetpack_seo_html_title":"","jetpack_seo_noindex":false,"jetpack_post_was_ever_published":false,"footnotes":""},"categories":[47,173,789,93,790,203,111,36],"tags":[],"class_list":{"0":"post-147558","1":"post","2":"type-post","3":"status-publish","4":"format-standard","5":"has-post-thumbnail","7":"category-centre-ouest","8":"category-depeches","9":"category-developpement","10":"category-flashinfos","11":"category-international","12":"category-la-une-aib","13":"category-sissili","14":"category-societe"},"jetpack_featured_media_url":"https:\/\/i0.wp.com\/www.aib.media\/wp-content\/uploads\/2026\/04\/IMG-20260424-WA0013.jpg?fit=816%2C868&ssl=1","jetpack_shortlink":"https:\/\/wp.me\/pavbHe-CnY","_links":{"self":[{"href":"https:\/\/www.aib.media\/index.php?rest_route=\/wp\/v2\/posts\/147558","targetHints":{"allow":["GET"]}}],"collection":[{"href":"https:\/\/www.aib.media\/index.php?rest_route=\/wp\/v2\/posts"}],"about":[{"href":"https:\/\/www.aib.media\/index.php?rest_route=\/wp\/v2\/types\/post"}],"author":[{"embeddable":true,"href":"https:\/\/www.aib.media\/index.php?rest_route=\/wp\/v2\/users\/21"}],"replies":[{"embeddable":true,"href":"https:\/\/www.aib.media\/index.php?rest_route=%2Fwp%2Fv2%2Fcomments&post=147558"}],"version-history":[{"count":1,"href":"https:\/\/www.aib.media\/index.php?rest_route=\/wp\/v2\/posts\/147558\/revisions"}],"predecessor-version":[{"id":147560,"href":"https:\/\/www.aib.media\/index.php?rest_route=\/wp\/v2\/posts\/147558\/revisions\/147560"}],"wp:featuredmedia":[{"embeddable":true,"href":"https:\/\/www.aib.media\/index.php?rest_route=\/wp\/v2\/media\/147559"}],"wp:attachment":[{"href":"https:\/\/www.aib.media\/index.php?rest_route=%2Fwp%2Fv2%2Fmedia&parent=147558"}],"wp:term":[{"taxonomy":"category","embeddable":true,"href":"https:\/\/www.aib.media\/index.php?rest_route=%2Fwp%2Fv2%2Fcategories&post=147558"},{"taxonomy":"post_tag","embeddable":true,"href":"https:\/\/www.aib.media\/index.php?rest_route=%2Fwp%2Fv2%2Ftags&post=147558"}],"curies":[{"name":"wp","href":"https:\/\/api.w.org\/{rel}","templated":true}]}}