{"id":147548,"date":"2026-04-24T14:33:39","date_gmt":"2026-04-24T14:33:39","guid":{"rendered":"https:\/\/www.aib.media\/?p=147548"},"modified":"2026-04-24T14:33:39","modified_gmt":"2026-04-24T14:33:39","slug":"snc-2026-bobo-dioulasso-se-pare-de-ses-plus-belles-couleurs-a-la-veille-de-la-22e-edition","status":"publish","type":"post","link":"https:\/\/www.aib.media\/?p=147548","title":{"rendered":"SNC 2026 : Bobo-Dioulasso se pare de ses plus belles couleurs \u00e0 la veille de la 22e \u00e9dition"},"content":{"rendered":"<p><strong>SNC 2026 : Bobo-Dioulasso se pare de ses plus belles couleurs \u00e0 la veille de la 22e \u00e9dition<\/strong><\/p>\n<p><strong>Bobo-Dioulasso, 23 avril 2026(AIB)-\u00c0 quelques heures de l&rsquo;ouverture de la 22e \u00e9dition de la Semaine nationale de la culture (SNC), pr\u00e9vue du 25 avril au 2 mai 2026, la ville de Bobo-Dioulasso affiche un visage embelli.<\/strong><\/p>\n<p>Un constat, fait ce jeudi par l\u2019Agence d\u2019information du Burkina (AIB), r\u00e9v\u00e8le des murs rafra\u00eechis, des affiches partout, des belles d\u00e9corations et une ville grouillante de monde plus que d&rsquo;habitude.<\/p>\n<p>Plac\u00e9e sous le Tr\u00e8s Haut Patronage de Son Excellence le Pr\u00e9sident du Faso, le Capitaine Ibrahim Traor\u00e9, cette \u00e9dition se tiendra sous le th\u00e8me : \u00ab Culture, jeunesse et transmission des valeurs sociales \u00bb.<\/p>\n<p>Les pr\u00e9paratifs vont bon train, suscitant d\u00e9j\u00e0 enthousiasme et fiert\u00e9 au sein des populations locales.<\/p>\n<p style=\"text-align: left\">Hommes, femmes et enfants se pr\u00e9parent activement, attendant avec impatience l\u2019ouverture de cette 22e \u00e9dition de la SNC.<\/p>\n<p style=\"text-align: right\">\n<strong>Agence d\u2019information du Burkina<\/strong><br \/>\n<strong>AB\/ata<\/strong><\/p>\n","protected":false},"excerpt":{"rendered":"<p>SNC 2026 : Bobo-Dioulasso se pare de ses plus belles couleurs \u00e0 la veille de la 22e \u00e9dition Bobo-Dioulasso, 23 avril 2026(AIB)-\u00c0 quelques heures de l&rsquo;ouverture de la 22e \u00e9dition de la Semaine nationale de la culture (SNC), pr\u00e9vue du 25 avril au 2 mai 2026, la ville de Bobo-Dioulasso affiche un visage embelli. Un [&hellip;]<\/p>\n","protected":false},"author":21,"featured_media":147549,"comment_status":"open","ping_status":"open","sticky":false,"template":"","format":"standard","meta":{"advanced_seo_description":"","jetpack_seo_html_title":"","jetpack_seo_noindex":false,"jetpack_post_was_ever_published":false,"footnotes":""},"categories":[60,173,789,93,62,50,121,203,65,36],"tags":[],"class_list":{"0":"post-147548","1":"post","2":"type-post","3":"status-publish","4":"format-standard","5":"has-post-thumbnail","7":"category-culture","8":"category-depeches","9":"category-developpement","10":"category-flashinfos","11":"category-grands-evenements","12":"category-haut-bassins","13":"category-houet","14":"category-la-une-aib","15":"category-snc","16":"category-societe"},"jetpack_featured_media_url":"https:\/\/i0.wp.com\/www.aib.media\/wp-content\/uploads\/2026\/04\/15-3.jpeg?fit=1020%2C574&ssl=1","jetpack_shortlink":"https:\/\/wp.me\/pavbHe-CnO","_links":{"self":[{"href":"https:\/\/www.aib.media\/index.php?rest_route=\/wp\/v2\/posts\/147548","targetHints":{"allow":["GET"]}}],"collection":[{"href":"https:\/\/www.aib.media\/index.php?rest_route=\/wp\/v2\/posts"}],"about":[{"href":"https:\/\/www.aib.media\/index.php?rest_route=\/wp\/v2\/types\/post"}],"author":[{"embeddable":true,"href":"https:\/\/www.aib.media\/index.php?rest_route=\/wp\/v2\/users\/21"}],"replies":[{"embeddable":true,"href":"https:\/\/www.aib.media\/index.php?rest_route=%2Fwp%2Fv2%2Fcomments&post=147548"}],"version-history":[{"count":1,"href":"https:\/\/www.aib.media\/index.php?rest_route=\/wp\/v2\/posts\/147548\/revisions"}],"predecessor-version":[{"id":147550,"href":"https:\/\/www.aib.media\/index.php?rest_route=\/wp\/v2\/posts\/147548\/revisions\/147550"}],"wp:featuredmedia":[{"embeddable":true,"href":"https:\/\/www.aib.media\/index.php?rest_route=\/wp\/v2\/media\/147549"}],"wp:attachment":[{"href":"https:\/\/www.aib.media\/index.php?rest_route=%2Fwp%2Fv2%2Fmedia&parent=147548"}],"wp:term":[{"taxonomy":"category","embeddable":true,"href":"https:\/\/www.aib.media\/index.php?rest_route=%2Fwp%2Fv2%2Fcategories&post=147548"},{"taxonomy":"post_tag","embeddable":true,"href":"https:\/\/www.aib.media\/index.php?rest_route=%2Fwp%2Fv2%2Ftags&post=147548"}],"curies":[{"name":"wp","href":"https:\/\/api.w.org\/{rel}","templated":true}]}}